{"id":72403,"date":"2020-01-07T15:11:21","date_gmt":"2020-01-07T20:11:21","guid":{"rendered":"https:\/\/linitiative.ca\/International\/tunisie-habib-jemli-prepare-deja-un-large-mouvement-dans-les-corps-des-gouverneurs-des-delegues-et-des-directeurs-generaux\/"},"modified":"2020-01-07T15:11:21","modified_gmt":"2020-01-07T20:11:21","slug":"tunisie-habib-jemli-prepare-deja-un-large-mouvement-dans-les-corps-des-gouverneurs-des-delegues-et-des-directeurs-generaux","status":"publish","type":"post","link":"https:\/\/linitiative.ca\/International\/tunisie-habib-jemli-prepare-deja-un-large-mouvement-dans-les-corps-des-gouverneurs-des-delegues-et-des-directeurs-generaux\/","title":{"rendered":"Tunisie \u2013 Habib Jemli pr\u00e9pare, d\u00e9j\u00e0, un large mouvement dans les corps des gouverneurs, des d\u00e9l\u00e9gu\u00e9s et des directeurs g\u00e9n\u00e9raux"},"content":{"rendered":"<div class=\"post-cont-in left relative\">\n<p>Selon les sources du site \u00ab\u00a0Assabah News\u00a0\u00bb, le\u00a0 chef du gouvernement charg\u00e9, <a href=\"https:\/\/www.tunisienumerique.com\/tunisie-actualite\/habib-jemli\/\" title=\"Habib jemli\" target=\"_top\" class=\"auto-link\" rel=\"noopener noreferrer\">Habib jemli<\/a> a entam\u00e9, depuis quelques jours, avant m\u00eame d\u2019avoir\u00a0obtenu la confiance pour son gouvernement, une s\u00e9rie d\u2019entretiens et de r\u00e9unions avec son \u00e9quipe de travail, en vue de pr\u00e9parer d\u00e8s son investiture, un large mouvement dans le corps des gouverneurs, des d\u00e9l\u00e9gu\u00e9s et des pr\u00e9sidents directeurs g\u00e9n\u00e9raux des administrations.<\/p>\n<div class=\"code-block code-block-1 c3\"><ins class=\"adsbygoogle c2\" data-ad-layout=\"in-article\" data-ad-format=\"fluid\" data-ad-client=\"ca-pub-2102118777505746\" data-ad-slot=\"7301775417\"\/> <\/div>\n<p>Habib Jemli aurait l\u2019intention de remplacer un grand nombre de ces responsables pour avoir une \u00e9quipe totalement ind\u00e9pendante et comp\u00e9tente. Il compte sur sa fameuse application de choix des responsables, pour op\u00e9rer ces changements.<\/p>\n<div class=\"swp_social_panel swp_horizontal_panel swp_flat_fresh swp_default_full_color swp_individual_full_color swp_other_full_color scale-100 scale-\" data-min-width=\"1100\" data-float-color=\"#ffffff\" data-float=\"bottom\" data-float-mobile=\"bottom\" data-transition=\"slide\">\n<div class=\"nc_tweetContainer swp_share_button total_shares total_sharesalt\"><span class=\"swp_count\">100 <span class=\"swp_label\">Partages<\/span><\/span><\/div>\n<\/div>\n<p><strong>Que se passe-t-il en Tunisie?<\/strong><br \/>Nous expliquons sur notre <a href=\"https:\/\/www.youtube.com\/channel\/UCRzypVq0B_yBad5eGrwBx0Q?sub_confirmation=1\" target=\"_blank\" rel=\"noopener noreferrer\">cha\u00eene YouTube<\/a> . <a href=\"https:\/\/www.youtube.com\/channel\/UCRzypVq0B_yBad5eGrwBx0Q?sub_confirmation=1\" target=\"_blank\" rel=\"noopener noreferrer\">Abonnez-vous!<\/a><\/p>\n<div class=\"mvp-org-wrap mvp-org-logo\" itemprop=\"publisher\" itemscope=\"\" itemtype=\"https:\/\/schema.org\/Organization\"><img decoding=\"async\" src=\"https:\/\/www.tunisienumerique.com\/wp-content\/uploads\/2017\/02\/logo_tunisie_numerique.png\"\/><\/div>\n<div class=\"mvp-related-posts left relative\">\n<h4 class=\"post-header\"><span class=\"post-header\">Lire aussi<\/span><\/h4>\n<\/div>\n<\/div>\n<p>Auteur: LM<br \/>\n<a href=\"https:\/\/www.tunisienumerique.com\/tunisie-habib-jemli-prepare-deja-un-large-mouvement-dans-les-corps-des-gouverneurs-des-delegues-et-des-directeurs-generaux\/\">Cliquez ici pour lire l&rsquo;article depuis sa source.<\/a><\/p>\n","protected":false},"excerpt":{"rendered":"<p>Selon les sources du site \u00ab\u00a0Assabah News\u00a0\u00bb, le\u00a0 chef du gouvernement charg\u00e9, Habib jemli a entam\u00e9, depuis quelques jours, avant m\u00eame d\u2019avoir\u00a0obtenu la confiance pour son gouvernement, une s\u00e9rie d\u2019entretiens et de r\u00e9unions avec son \u00e9quipe de travail, en vue de pr\u00e9parer d\u00e8s son investiture, un large mouvement dans le corps des gouverneurs, des d\u00e9l\u00e9gu\u00e9s [&hellip;]<\/p>\n","protected":false},"author":1789,"featured_media":72404,"comment_status":"closed","ping_status":"closed","sticky":false,"template":"","format":"standard","meta":{"fifu_image_url":"","fifu_image_alt":"","footnotes":""},"categories":[73,55],"tags":[],"class_list":["post-72403","post","type-post","status-publish","format-standard","has-post-thumbnail","hentry","category-actualite","category-tunisie"],"_links":{"self":[{"href":"https:\/\/linitiative.ca\/International\/wp-json\/wp\/v2\/posts\/72403","targetHints":{"allow":["GET"]}}],"collection":[{"href":"https:\/\/linitiative.ca\/International\/wp-json\/wp\/v2\/posts"}],"about":[{"href":"https:\/\/linitiative.ca\/International\/wp-json\/wp\/v2\/types\/post"}],"author":[{"embeddable":true,"href":"https:\/\/linitiative.ca\/International\/wp-json\/wp\/v2\/users\/1789"}],"replies":[{"embeddable":true,"href":"https:\/\/linitiative.ca\/International\/wp-json\/wp\/v2\/comments?post=72403"}],"version-history":[{"count":0,"href":"https:\/\/linitiative.ca\/International\/wp-json\/wp\/v2\/posts\/72403\/revisions"}],"wp:featuredmedia":[{"embeddable":true,"href":"https:\/\/linitiative.ca\/International\/wp-json\/"}],"wp:attachment":[{"href":"https:\/\/linitiative.ca\/International\/wp-json\/wp\/v2\/media?parent=72403"}],"wp:term":[{"taxonomy":"category","embeddable":true,"href":"https:\/\/linitiative.ca\/International\/wp-json\/wp\/v2\/categories?post=72403"},{"taxonomy":"post_tag","embeddable":true,"href":"https:\/\/linitiative.ca\/International\/wp-json\/wp\/v2\/tags?post=72403"}],"curies":[{"name":"wp","href":"https:\/\/api.w.org\/{rel}","templated":true}]}}