{"id":72405,"date":"2020-01-07T15:46:17","date_gmt":"2020-01-07T20:46:17","guid":{"rendered":"https:\/\/linitiative.ca\/International\/tunisie-video-kais-saied-preside-une-reunion-du-haut-conseil-national-de-la-securite\/"},"modified":"2020-01-07T15:46:17","modified_gmt":"2020-01-07T20:46:17","slug":"tunisie-video-kais-saied-preside-une-reunion-du-haut-conseil-national-de-la-securite","status":"publish","type":"post","link":"https:\/\/linitiative.ca\/International\/tunisie-video-kais-saied-preside-une-reunion-du-haut-conseil-national-de-la-securite\/","title":{"rendered":"Tunisie \u2013 VIDEO\u00a0: Ka\u00efs Sa\u00efed pr\u00e9side une r\u00e9union du haut conseil national de la s\u00e9curit\u00e9"},"content":{"rendered":"<div class=\"post-cont-in left relative\">\n<p>Le pr\u00e9sident de la R\u00e9publique, <a href=\"https:\/\/www.tunisienumerique.com\/tunisie-actualite\/kais-saied\/\" title=\"Ka\u00efs Sa\u00efed\" target=\"_top\" class=\"auto-link\" rel=\"noopener noreferrer\">Ka\u00efs Sa\u00efed<\/a> a pr\u00e9sid\u00e9 ce mardi, au palais de Carthage, une r\u00e9union du haut conseil national de la s\u00e9curit\u00e9, en pr\u00e9sence du pr\u00e9sident de l\u2019ARP, <a href=\"https:\/\/www.tunisienumerique.com\/tunisie-actualite\/rached-ghannouchi\/\" title=\"Rached Ghannouchi\" target=\"_top\" class=\"auto-link\" rel=\"noopener noreferrer\">Rached Ghannouchi<\/a>,\u00a0du chef du gouvernement, <a href=\"https:\/\/www.tunisienumerique.com\/tunisie-actualite\/youssef-chahed\/\" title=\"Youssef Chahed\" target=\"_top\" class=\"auto-link\" rel=\"noopener noreferrer\">Youssef Chahed<\/a> et des membres du cabinet pr\u00e9sidentiel.<\/p>\n<div class=\"code-block code-block-1 c4\"><ins class=\"adsbygoogle c3\" data-ad-layout=\"in-article\" data-ad-format=\"fluid\" data-ad-client=\"ca-pub-2102118777505746\" data-ad-slot=\"7301775417\"\/> <\/div>\n<p>Sa\u00efed a d\u00e9clar\u00e9 au d\u00e9but de la r\u00e9union qu\u2019elle sera d\u00e9di\u00e9e \u00e0 l\u2019\u00e9tude de la situation dans le sud du pays, notamment, en rapport avec la crise libyenne, mais aussi, \u00e0 la revue de la situation au niveau de la s\u00e9curit\u00e9 nationale, dans son sens large.<\/p>\n<p>Concernant les \u00e9ventuelles retomb\u00e9s de ce qui se passe en Libye, Ka\u00efs Sa\u00efed a mis l\u2019accent sur la n\u00e9cessit\u00e9 de la plus grande vigilance pour \u00e9viter l\u2019infiltration d\u2019\u00e9l\u00e9ments terroriste parmi les r\u00e9fugi\u00e9s qui risquent d\u2019affluer vers les fronti\u00e8res, de m\u00eame que la pr\u00e9paration de l\u2019accueil et plus tard du rapatriement des r\u00e9fugi\u00e9s non libyens.<\/p>\n<p>Le pr\u00e9sident\u00a0a appel\u00e9 \u00e0 une pr\u00e9paration rigoureuse sur ce plan, en collaboration avec les organisations internationales et\u00a0 les pays voisins qui sont aussi concern\u00e9s que la Tunisie par cette situation, de m\u00eame qu\u2019avec la commission europ\u00e9enne, pour d\u00e9bloquer les fonds n\u00e9cessaires \u00e0 faire face \u00e0 cette situation. Il a appel\u00e9 \u00e0 renforcer le contr\u00f4le des fronti\u00e8res aussi bien terrestres que maritimes et a\u00e9riennes.<\/p>\n<p>Ka\u00efs Sa\u00efed a aussi appel\u00e9 \u00e0 renforcer les capacit\u00e9s de la couverture sanitaire\u00a0aux r\u00e9fugi\u00e9s et \u00e9ventuels bless\u00e9s qui pourraient affluer vers les villes du sud tunisien.<\/p>\n<div class=\"swp_social_panel swp_horizontal_panel swp_flat_fresh swp_default_full_color swp_individual_full_color swp_other_full_color scale-100 scale-\" data-min-width=\"1100\" data-float-color=\"#ffffff\" data-float=\"bottom\" data-float-mobile=\"bottom\" data-transition=\"slide\">\n<div class=\"nc_tweetContainer swp_share_button total_shares total_sharesalt\"><span class=\"swp_count\">26 <span class=\"swp_label\">Partages<\/span><\/span><\/div>\n<\/div>\n<p><strong>Que se passe-t-il en Tunisie?<\/strong><br \/>Nous expliquons sur notre <a href=\"https:\/\/www.youtube.com\/channel\/UCRzypVq0B_yBad5eGrwBx0Q?sub_confirmation=1\" target=\"_blank\" rel=\"noopener noreferrer\">cha\u00eene YouTube<\/a> . <a href=\"https:\/\/www.youtube.com\/channel\/UCRzypVq0B_yBad5eGrwBx0Q?sub_confirmation=1\" target=\"_blank\" rel=\"noopener noreferrer\">Abonnez-vous!<\/a><\/p>\n<div class=\"mvp-org-wrap mvp-org-logo\" itemprop=\"publisher\" itemscope=\"\" itemtype=\"https:\/\/schema.org\/Organization\"><img decoding=\"async\" src=\"https:\/\/www.tunisienumerique.com\/wp-content\/uploads\/2017\/02\/logo_tunisie_numerique.png\"\/><\/div>\n<div class=\"mvp-related-posts left relative\">\n<h4 class=\"post-header\"><span class=\"post-header\">Lire aussi<\/span><\/h4>\n<\/div>\n<\/div>\n<p>Auteur: LM<br \/>\n<a href=\"https:\/\/www.tunisienumerique.com\/tunisie-video-kais-saied-preside-une-reunion-du-haut-conseil-national-de-la-securite\/\">Cliquez ici pour lire l&rsquo;article depuis sa source.<\/a><\/p>\n","protected":false},"excerpt":{"rendered":"<p>Le pr\u00e9sident de la R\u00e9publique, Ka\u00efs Sa\u00efed a pr\u00e9sid\u00e9 ce mardi, au palais de Carthage, une r\u00e9union du haut conseil national de la s\u00e9curit\u00e9, en pr\u00e9sence du pr\u00e9sident de l\u2019ARP, Rached Ghannouchi,\u00a0du chef du gouvernement, Youssef Chahed et des membres du cabinet pr\u00e9sidentiel. Sa\u00efed a d\u00e9clar\u00e9 au d\u00e9but de la r\u00e9union qu\u2019elle sera d\u00e9di\u00e9e \u00e0 [&hellip;]<\/p>\n","protected":false},"author":1789,"featured_media":72406,"comment_status":"closed","ping_status":"closed","sticky":false,"template":"","format":"standard","meta":{"fifu_image_url":"","fifu_image_alt":"","footnotes":""},"categories":[73,55],"tags":[],"class_list":["post-72405","post","type-post","status-publish","format-standard","has-post-thumbnail","hentry","category-actualite","category-tunisie"],"_links":{"self":[{"href":"https:\/\/linitiative.ca\/International\/wp-json\/wp\/v2\/posts\/72405","targetHints":{"allow":["GET"]}}],"collection":[{"href":"https:\/\/linitiative.ca\/International\/wp-json\/wp\/v2\/posts"}],"about":[{"href":"https:\/\/linitiative.ca\/International\/wp-json\/wp\/v2\/types\/post"}],"author":[{"embeddable":true,"href":"https:\/\/linitiative.ca\/International\/wp-json\/wp\/v2\/users\/1789"}],"replies":[{"embeddable":true,"href":"https:\/\/linitiative.ca\/International\/wp-json\/wp\/v2\/comments?post=72405"}],"version-history":[{"count":0,"href":"https:\/\/linitiative.ca\/International\/wp-json\/wp\/v2\/posts\/72405\/revisions"}],"wp:featuredmedia":[{"embeddable":true,"href":"https:\/\/linitiative.ca\/International\/wp-json\/"}],"wp:attachment":[{"href":"https:\/\/linitiative.ca\/International\/wp-json\/wp\/v2\/media?parent=72405"}],"wp:term":[{"taxonomy":"category","embeddable":true,"href":"https:\/\/linitiative.ca\/International\/wp-json\/wp\/v2\/categories?post=72405"},{"taxonomy":"post_tag","embeddable":true,"href":"https:\/\/linitiative.ca\/International\/wp-json\/wp\/v2\/tags?post=72405"}],"curies":[{"name":"wp","href":"https:\/\/api.w.org\/{rel}","templated":true}]}}