{"id":72411,"date":"2020-01-07T17:20:07","date_gmt":"2020-01-07T22:20:07","guid":{"rendered":"https:\/\/linitiative.ca\/International\/tunisie-habib-jemli-quemande-le-soutien-de-yassine-ayari-et-celui-ci-decline\/"},"modified":"2020-01-07T17:20:07","modified_gmt":"2020-01-07T22:20:07","slug":"tunisie-habib-jemli-quemande-le-soutien-de-yassine-ayari-et-celui-ci-decline","status":"publish","type":"post","link":"https:\/\/linitiative.ca\/International\/tunisie-habib-jemli-quemande-le-soutien-de-yassine-ayari-et-celui-ci-decline\/","title":{"rendered":"Tunisie \u2013 Habib Jemli qu\u00e9mande le soutien de Yassine Ayari et celui-ci d\u00e9cline"},"content":{"rendered":"<div class=\"post-cont-in left relative\">\n<p>Le d\u00e9put\u00e9 Yassine Ayari, chef de file du parti \u00ab\u00a0Amal wa \u00c2mal\u00a0\u00bb a publi\u00e9 ce mardi, sur sa page facebook, un post pour d\u00e9clarer qu\u2019il a \u00e9t\u00e9 invit\u00e9 par le chef du gouvernement charg\u00e9, <a href=\"https:\/\/www.tunisienumerique.com\/tunisie-actualite\/habib-jemli\/\" title=\"Habib jemli\" target=\"_top\" class=\"auto-link\" rel=\"noopener noreferrer\">Habib jemli<\/a>. Et que celui-ci aurait sollicit\u00e9 le soutien du bloc Amal, lors du vote de confiance pour son gouvernement.<\/p>\n<div class=\"code-block code-block-1 c3\"><ins class=\"adsbygoogle c2\" data-ad-layout=\"in-article\" data-ad-format=\"fluid\" data-ad-client=\"ca-pub-2102118777505746\" data-ad-slot=\"7301775417\"\/> <\/div>\n<p>Le d\u00e9put\u00e9 a affirm\u00e9 qu\u2019il a refus\u00e9 la requ\u00eate, pour le principe et pour respecter ses engagements vis-\u00e0-vis de ses \u00e9lecteurs, car il s\u2019\u00e9tait engag\u00e9 \u00e0 rester dans les rangs de l\u2019opposition s\u2019il avait moins de neuf d\u00e9put\u00e9s \u00e0 l\u2019ARP. Ce qui est le cas.<\/p>\n<p>Il faut croire qu\u2019il est dans de beaux draps, Habib Jemli s\u2019il est r\u00e9duit \u00e0 qu\u00e9mander le soutien d\u2019un ou de deux d\u00e9put\u00e9s, alors que, pas plus tard qu\u2019il y a deux jours, il affirmait haut et fort qu\u2019il \u00e9tait persuad\u00e9 de la comp\u00e9tence de son \u00e9quipe et qu\u2019il n\u2019est pas pr\u00eat \u00e0 changer un seul nom. Et ce, \u00e0 quelques heurs avant la date de la s\u00e9ance pl\u00e9ni\u00e8re du vote de confiance pour son \u00e9quipe.<\/p>\n<p><img loading=\"lazy\" decoding=\"async\" class=\"aligncenter size-full wp-image-487746\" src=\"https:\/\/www.tunisienumerique.com\/wp-content\/uploads\/2020\/01\/yassine.jpg\" alt=\"\" width=\"560\" height=\"672\"\/><\/p>\n<div class=\"swp_social_panel swp_horizontal_panel swp_flat_fresh swp_default_full_color swp_individual_full_color swp_other_full_color scale-100 scale-\" data-min-width=\"1100\" data-float-color=\"#ffffff\" data-float=\"bottom\" data-float-mobile=\"bottom\" data-transition=\"slide\">\n<div class=\"nc_tweetContainer swp_share_button total_shares total_sharesalt\"><span class=\"swp_count\">1 <span class=\"swp_label\">Partages<\/span><\/span><\/div>\n<\/div>\n<p><strong>Que se passe-t-il en Tunisie?<\/strong><br \/>Nous expliquons sur notre <a href=\"https:\/\/www.youtube.com\/channel\/UCRzypVq0B_yBad5eGrwBx0Q?sub_confirmation=1\" target=\"_blank\" rel=\"noopener noreferrer\">cha\u00eene YouTube<\/a> . <a href=\"https:\/\/www.youtube.com\/channel\/UCRzypVq0B_yBad5eGrwBx0Q?sub_confirmation=1\" target=\"_blank\" rel=\"noopener noreferrer\">Abonnez-vous!<\/a><\/p>\n<div class=\"mvp-org-wrap mvp-org-logo\" itemprop=\"publisher\" itemscope=\"\" itemtype=\"https:\/\/schema.org\/Organization\"><img decoding=\"async\" src=\"https:\/\/www.tunisienumerique.com\/wp-content\/uploads\/2017\/02\/logo_tunisie_numerique.png\"\/><\/div>\n<div class=\"mvp-related-posts left relative\">\n<h4 class=\"post-header\"><span class=\"post-header\">Lire aussi<\/span><\/h4>\n<\/div>\n<\/div>\n<p>Auteur: LM<br \/>\n<a href=\"https:\/\/www.tunisienumerique.com\/tunisie-habib-jemli-quemande-le-soutien-de-yassine-ayari-et-celui-ci-decline\/\">Cliquez ici pour lire l&rsquo;article depuis sa source.<\/a><\/p>\n","protected":false},"excerpt":{"rendered":"<p>Le d\u00e9put\u00e9 Yassine Ayari, chef de file du parti \u00ab\u00a0Amal wa \u00c2mal\u00a0\u00bb a publi\u00e9 ce mardi, sur sa page facebook, un post pour d\u00e9clarer qu\u2019il a \u00e9t\u00e9 invit\u00e9 par le chef du gouvernement charg\u00e9, Habib jemli. Et que celui-ci aurait sollicit\u00e9 le soutien du bloc Amal, lors du vote de confiance pour son gouvernement. Le [&hellip;]<\/p>\n","protected":false},"author":1789,"featured_media":72412,"comment_status":"closed","ping_status":"closed","sticky":false,"template":"","format":"standard","meta":{"fifu_image_url":"","fifu_image_alt":"","footnotes":""},"categories":[73,55],"tags":[],"class_list":["post-72411","post","type-post","status-publish","format-standard","has-post-thumbnail","hentry","category-actualite","category-tunisie"],"_links":{"self":[{"href":"https:\/\/linitiative.ca\/International\/wp-json\/wp\/v2\/posts\/72411","targetHints":{"allow":["GET"]}}],"collection":[{"href":"https:\/\/linitiative.ca\/International\/wp-json\/wp\/v2\/posts"}],"about":[{"href":"https:\/\/linitiative.ca\/International\/wp-json\/wp\/v2\/types\/post"}],"author":[{"embeddable":true,"href":"https:\/\/linitiative.ca\/International\/wp-json\/wp\/v2\/users\/1789"}],"replies":[{"embeddable":true,"href":"https:\/\/linitiative.ca\/International\/wp-json\/wp\/v2\/comments?post=72411"}],"version-history":[{"count":0,"href":"https:\/\/linitiative.ca\/International\/wp-json\/wp\/v2\/posts\/72411\/revisions"}],"wp:featuredmedia":[{"embeddable":true,"href":"https:\/\/linitiative.ca\/International\/wp-json\/"}],"wp:attachment":[{"href":"https:\/\/linitiative.ca\/International\/wp-json\/wp\/v2\/media?parent=72411"}],"wp:term":[{"taxonomy":"category","embeddable":true,"href":"https:\/\/linitiative.ca\/International\/wp-json\/wp\/v2\/categories?post=72411"},{"taxonomy":"post_tag","embeddable":true,"href":"https:\/\/linitiative.ca\/International\/wp-json\/wp\/v2\/tags?post=72411"}],"curies":[{"name":"wp","href":"https:\/\/api.w.org\/{rel}","templated":true}]}}