{"id":72413,"date":"2020-01-07T17:12:32","date_gmt":"2020-01-07T22:12:32","guid":{"rendered":"https:\/\/linitiative.ca\/International\/sortie-du-representant-de-lua-sur-la-crise-libyenneun-aveu-dimpuissance\/"},"modified":"2020-01-07T17:12:32","modified_gmt":"2020-01-07T22:12:32","slug":"sortie-du-representant-de-lua-sur-la-crise-libyenneun-aveu-dimpuissance","status":"publish","type":"post","link":"https:\/\/linitiative.ca\/International\/sortie-du-representant-de-lua-sur-la-crise-libyenneun-aveu-dimpuissance\/","title":{"rendered":"SORTIE DU REPRESENTANT DE L\u2019UA SUR LA CRISE LIBYENNE:Un aveu d\u2019impuissance"},"content":{"rendered":"<div class=\"stream-item stream-item-above-post-content\">\n<p><noscript><\/p>\n<p><a href=\"\/\/www3.smartadserver.com\/ac?jump=1&#038;nwid=2136&#038;siteid=240610&#038;pgname=rg&#038;fmtid=49046&#038;visit=m&#038;tmstp=[timestamp]&#038;out=nonrich\" target=\"_blank\" rel=\"noopener noreferrer\"><img decoding=\"async\" src=\"\/\/www3.smartadserver.com\/ac?out=nonrich&#038;nwid=2136&#038;siteid=240610&#038;pgname=rg&#038;fmtid=49046&#038;visit=m&#038;tmstp=[timestamp]\" border=\"0\" alt=\"\"\/><\/a><\/p>\n<p><\/noscript><\/div>\n<p class=\"c3\">Suite \u00e0 l\u2019\u00e9volution r\u00e9cente dans la crise libyenne marqu\u00e9e par l\u2019intervention\u00a0 annonc\u00e9e de l\u2019arm\u00e9e turque, le repr\u00e9sentant de l\u2019Union africaine (UA), le pr\u00e9sident congolais, Denis Sassou Nguesso, a bris\u00e9 le \u00a0\u00a0silence en\u00a0 demandant que l\u2019Afrique ne soit pas mise \u00e0 l\u2019\u00e9cart dans le dossier libyen. Cette requ\u00eate peut \u00eatre interpr\u00e9t\u00e9e comme un retour \u00e0 la rescousse du continent africain apr\u00e8s l\u2019initiative avort\u00e9e de l\u2019organisation panafricaine qui avait propos\u00e9, sans succ\u00e8s, au Conseil de s\u00e9curit\u00e9 de l\u2019Organisation des Nations Unies (ONU)\u00a0 un plan africain de r\u00e8glement du conflit. Et le moins que l\u2019on puisse dire, c\u2019est que l\u2019UA, \u00e0 travers son m\u00e9diateur d\u00e9sign\u00e9, est dans son r\u00f4le. Et pour cause. D\u2019abord,\u00a0 l\u2019organisation continentale a,\u00a0 depuis ses fonts baptismaux, fait de la souverainet\u00e9 de l\u2019Afrique, son cheval de bataille. Elle ne peut donc, sans renier l\u2019esprit de ses p\u00e8res fondateurs, assister sans piper mot \u00e0 l\u2019immixtion turque dans les affaires int\u00e9rieures d\u2019un de ses Etats membres<strong>.<\/strong><\/p>\n<p class=\"c3\"><strong>La communaut\u00e9 internationale aurait tort de ne pas \u00e9couter la voix de l\u2019Afrique<\/strong><\/p>\n<p class=\"c3\">Ensuite, les pays africains, notamment ceux de la bande sah\u00e9lo-saharienne, sont les premiers \u00e0 payer les pots cass\u00e9s dans le chaos libyen qui a ouvert les portes du Sahel \u00e0 toutes sortes de bandes arm\u00e9es qui ont mis sous coupe r\u00e9gl\u00e9e des r\u00e9gions enti\u00e8res, aid\u00e9es en cela par la porosit\u00e9 des fronti\u00e8res. Les chefs d\u2019Etat de la sous-r\u00e9gion, en l\u2019occurrence le pr\u00e9sident nig\u00e9rien, Mahamadou Issoufou et le pr\u00e9sident burkinab\u00e8, Roch Marc Christian Kabor\u00e9, n\u2019ont d\u2019ailleurs eu de cesse de tirer la sonnette d\u2019alarme.<\/p>\n<p class=\"c3\">Si donc Denis Sassou Nguesso a raison de lancer ce cri du coeur, la question que l\u2019on peut cependant se poser, est la suivante\u00a0: quelles chances a-t-il d\u2019\u00eatre entendu\u00a0?\u00a0 Il ne faut sans doute pas se leurrer. Il n\u2019en a aucune. L\u2019explication en est que l\u2019imbroglio libyen est le r\u00e9sultat de puissants jeux d\u2019int\u00e9r\u00eats, notamment des puissances occidentales qui ne mettront jamais sous le boisseau leurs int\u00e9r\u00eats \u00e9conomiques et g\u00e9ostrat\u00e9giques au nom d\u2019une pr\u00e9tendue souverainet\u00e9 ou s\u00e9curit\u00e9 du continent africain. Et d\u2019ailleurs, quelles chances a-t-on d\u2019\u00eatre entendu lorsque l\u2019on tend \u00e9ternellement la s\u00e9bile aux puissances occidentales ?\u00a0 De ce qui pr\u00e9c\u00e8de, l\u2019on peut conclure que le repr\u00e9sentant de l\u2019UA pr\u00eache dans le d\u00e9sert libyen. Tout au plus, \u00a0a-t-il fait une sortie pour se donner bonne conscience et <em>in fine<\/em> son cri du c\u0153ur n\u2019est que l\u2019expression de l\u2019aveu d\u2019impuissance de tout un continent qui assiste au d\u00e9p\u00e8cement de la Libye.<\/p>\n<p class=\"c3\">Mais il faut le dire, la communaut\u00e9 internationale aurait tort de ne pas \u00e9couter la voix de l\u2019Afrique dans les solutions qu\u2019elle tente ou feint d\u2019apporter au probl\u00e8me libyen. Et pour cause\u00a0: des pays africains et pas des moindres sont parties prenantes au conflit soit en raison du soutien qu\u2019ils apportent \u00e0 l\u2019un ou l\u2019autre des protagonistes, soit en raison de leur proximit\u00e9 g\u00e9ographique avec la Libye. Ensuite, l\u2019ins\u00e9curit\u00e9 qui r\u00e9sulte du d\u00e9sordre libyen, ne touche pas seulement les pays africains mais elle constitue \u00e9galement une menace permanente pour les int\u00e9r\u00eats occidentaux sur tout le continent et m\u00eame au-del\u00e0 des fronti\u00e8res africaines. En plus, les portes de la s\u00e9curit\u00e9 des Etats occidentaux se situent en Afrique.<\/p>\n<p class=\"c3\"><strong>Les puissances \u00e9trang\u00e8res filent du mauvais coton en Libye<\/strong><\/p>\n<p class=\"c3\">Cela dit, si l\u2019Afrique veut avoir une voix audible dans le conflit libyen, elle doit aller au-del\u00e0 des d\u00e9clarations \u00e9pisodiques pour joindre \u00e0 son plan de r\u00e8glement des conflits, des actions concr\u00e8tes sans attendre les Occidentaux. Mieux, elle doit parler d\u2019une m\u00eame voix. Or, visiblement, les pays africains, \u00e0 commencer par les voisins imm\u00e9diats de la Libye, ne sont pas sur la m\u00eame longueur d\u2019onde. En effet, pendant que l\u2019Alg\u00e9rie ne fait pas myst\u00e8re de son soutien au gouvernement d\u2019union nationale de Fayez el-Sarraj qu\u2019elle a d\u2019ailleurs r\u00e9cemment re\u00e7u en compagnie du ministre turc des Affaires \u00e9trang\u00e8res, l\u2019Egypte et le Tchad constituent de puissants soutiens au Mar\u00e9chal Haftar dont les troupes viennent de s\u2019emparer de la ville de Syrte.\u00a0 Il y a donc une cacophonie et une divergence d\u2019int\u00e9r\u00eats nuisibles \u00e0 une position claire et forte\u00a0 de l\u2019Afrique sur la crise libyenne. Toute chose qui contraint les acteurs du conflit \u00e0 rechercher, chacun de son c\u00f4t\u00e9,\u00a0 des soutiens ext\u00e9rieurs au continent pour faire balancer en sa faveur, le rapport de forces.<\/p>\n<p class=\"c3\">Cela dit, en attendant que l\u2019Afrique se donne les moyens de sa politique, l\u2019on ne cessera jamais de r\u00e9p\u00e9ter que les puissances \u00e9trang\u00e8res filent du mauvais coton en Libye. Car ce n\u2019est pas en cherchant l\u2019\u00e9quilibre des forces que l\u2019on ram\u00e8nera la paix dans le pays. A moins que, sous le couvert de la recherche de la paix, \u00a0\u00a0l\u2019Occident ne cherche \u00e0 entretenir un \u00e9tat de guerre permanente favorable au pillage des ressources dans le pays de Kadhafi. Et l\u2019on comprend bien dans ce cas de figure, que la Turquie ne veuille pas rester en marge du partage du g\u00e2teau.<\/p>\n<p class=\"c3\"><strong>\u00a0<\/strong><\/p>\n<p class=\"c3\"><strong><em>\u00ab\u00a0Le Pays\u00a0\u00bb<\/em><\/strong><\/p>\n<p>Auteur: Le Pays<br \/>\n<a href=\"http:\/\/lepays.bf\/sortie-du-representant-de-lua-sur-la-crise-libyenneun-aveu-dimpuissance\/\">Cliquez ici pour lire l&rsquo;article depuis sa source.<\/a><\/p>\n","protected":false},"excerpt":{"rendered":"<p>Suite \u00e0 l\u2019\u00e9volution r\u00e9cente dans la crise libyenne marqu\u00e9e par l\u2019intervention\u00a0 annonc\u00e9e de l\u2019arm\u00e9e turque, le repr\u00e9sentant de l\u2019Union africaine (UA), le pr\u00e9sident congolais, Denis Sassou Nguesso, a bris\u00e9 le \u00a0\u00a0silence en\u00a0 demandant que l\u2019Afrique ne soit pas mise \u00e0 l\u2019\u00e9cart dans le dossier libyen. Cette requ\u00eate peut \u00eatre interpr\u00e9t\u00e9e comme un retour \u00e0 la [&hellip;]<\/p>\n","protected":false},"author":1813,"featured_media":0,"comment_status":"closed","ping_status":"closed","sticky":false,"template":"","format":"standard","meta":{"fifu_image_url":"","fifu_image_alt":"","footnotes":""},"categories":[73,81],"tags":[],"class_list":["post-72413","post","type-post","status-publish","format-standard","hentry","category-actualite","category-burkina-faso"],"_links":{"self":[{"href":"https:\/\/linitiative.ca\/International\/wp-json\/wp\/v2\/posts\/72413","targetHints":{"allow":["GET"]}}],"collection":[{"href":"https:\/\/linitiative.ca\/International\/wp-json\/wp\/v2\/posts"}],"about":[{"href":"https:\/\/linitiative.ca\/International\/wp-json\/wp\/v2\/types\/post"}],"author":[{"embeddable":true,"href":"https:\/\/linitiative.ca\/International\/wp-json\/wp\/v2\/users\/1813"}],"replies":[{"embeddable":true,"href":"https:\/\/linitiative.ca\/International\/wp-json\/wp\/v2\/comments?post=72413"}],"version-history":[{"count":0,"href":"https:\/\/linitiative.ca\/International\/wp-json\/wp\/v2\/posts\/72413\/revisions"}],"wp:attachment":[{"href":"https:\/\/linitiative.ca\/International\/wp-json\/wp\/v2\/media?parent=72413"}],"wp:term":[{"taxonomy":"category","embeddable":true,"href":"https:\/\/linitiative.ca\/International\/wp-json\/wp\/v2\/categories?post=72413"},{"taxonomy":"post_tag","embeddable":true,"href":"https:\/\/linitiative.ca\/International\/wp-json\/wp\/v2\/tags?post=72413"}],"curies":[{"name":"wp","href":"https:\/\/api.w.org\/{rel}","templated":true}]}}