{"id":72415,"date":"2020-01-07T16:18:03","date_gmt":"2020-01-07T21:18:03","guid":{"rendered":"https:\/\/linitiative.ca\/International\/sadio-mane-une-antistar-dans-la-cour-des-grands\/"},"modified":"2020-01-07T16:18:03","modified_gmt":"2020-01-07T21:18:03","slug":"sadio-mane-une-antistar-dans-la-cour-des-grands","status":"publish","type":"post","link":"https:\/\/linitiative.ca\/International\/sadio-mane-une-antistar-dans-la-cour-des-grands\/","title":{"rendered":"Sadio Man\u00e9, une antistar dans la cour des grands"},"content":{"rendered":"<div readability=\"32\">\n<p>Publi\u00e9 le 07.01.2020 \u00e0 22h18 par APA News<\/p>\n<\/div>\n<div readability=\"139\">\n<p>Si dans le foot business, les dieux du ballon rond sont constamment sous le feu des projecteurs, Sadio Man\u00e9 se d\u00e9marque nettement de nombre de ses pairs par sa discr\u00e9tion intrigante.Et pourtant, \u00e0 l\u2019heure actuelle, le S\u00e9n\u00e9galais figure parmi les stars du sport le plus populaire au monde. L\u2019attaquant a facilement fait son trou dans le l\u00e9gendaire club de Liverpool (Angleterre).<\/p>\n<p>Man\u00e9, depuis qu\u2019il a jet\u00e9 l\u2019ancre sur la Mersey en 2016, se bonifie avec le temps comme le bon vin. La saison pr\u00e9c\u00e9dente, il a martyris\u00e9 les d\u00e9fenses adverses en trouvant le chemin des filets \u00e0 22 reprises dans un championnat hyper relev\u00e9.<\/p>\n<p>Le feu follet flambe de jour en jour au point d\u2019int\u00e9grer le top 5 du dernier Ballon d\u2019Or France Football. Malgr\u00e9 un talent incontestable, le Lion pr\u00e9f\u00e8re se terrer dans sa tani\u00e8re plut\u00f4t que de faire la Une de la presse people, \u00e0 l\u2019aff\u00fbt de succulentes histoires \u00e0 raconter.<\/p>\n<p>\u00ab En r\u00e9alit\u00e9, l\u2019\u00eatre humain n\u2019est rien d\u2019autre que le produit de sa socialisation. Certainement, Sadio a d\u00fb \u00eatre \u00e9duqu\u00e9 dans un milieu traditionnel o\u00f9 il a acquis des valeurs \u00bb, commente le psychologue Khalifa Diagne.<\/p>\n<p>Poursuivant, M. Diagne en poste au Centre des \u0153uvres universitaires de Dakar (Coud), note que \u00ab ce n\u2019est pas surprenant que Man\u00e9 n\u2019ait pas de comportements susceptibles d\u2019alimenter la presse people. Car, les valeurs traditionnelles et religieuses dans lesquelles il a \u00e9t\u00e9 moul\u00e9es, font qu\u2019il ne c\u00e8de pas, \u00e0 aucun moment, \u00e0 certaines tentations \u00bb.<\/p>\n<p>Dans une \u00e8re o\u00f9 les Techniques de l\u2019information et de la communication (Tic) occupent une place pr\u00e9pond\u00e9rante dans l\u2019espace public, la fiert\u00e9 s\u00e9n\u00e9galaise tient, \u00e0 tout prix, \u00e0 pr\u00e9server sa vie priv\u00e9e.<\/p>\n<p>\u00ab Pour une star, cela peut \u00eatre un avantage ou un inconv\u00e9nient. Dans le quotidien des c\u00e9l\u00e9brit\u00e9s, il y a un certain nombre d\u2019\u00e9l\u00e9ments communicationnels et de marketing \u00bb, a relev\u00e9 ce sp\u00e9cialiste des comportements.<\/p>\n<p>Le compte Instagram (r\u00e9seau social tr\u00e8s pris\u00e9 des stars) de Cristiano Ronaldo culmine \u00e0 192 millions d\u2019abonn\u00e9s tandis que Lionel Messi en est \u00e0 138 millions. Avec 34,6 millions de fans, Mohamed Salah devance, et de loin, Sadio Man\u00e9 (5,3 millions seulement).<\/p>\n<p>Trop effac\u00e9 en dehors de la pelouse, son terrain de jeu favori, le joueur \u00e2g\u00e9 de 27 ans poste g\u00e9n\u00e9ralement des photos de match avec Liverpool ou le S\u00e9n\u00e9gal. Contrairement au Portugais Ronaldo, et \u00e0 tant d\u2019autres, qui n\u2019h\u00e9sitent point \u00e0 se mettre en sc\u00e8ne.<\/p>\n<p>En d\u00e9finitive, d\u00e9cortique Khalifa Diagne, \u00ab les comportements responsables permettent, entre autres, \u00e0 un footballeur d\u2019avoir une hygi\u00e8ne de vie et de gagner la sympathie de certaines cultures. Mais la m\u00e9diatisation accro\u00eet les gains de sponsoring \u00bb.<\/p>\n<p>Atypique, Sadio Man\u00e9 semble trouver son bonheur dans le soutien qu\u2019il peut apporter principalement aux habitants de Bambaly, son village natal, \u00e0 400 km au sud de la capitale Dakar.<\/p>\n<p>\u00ab Pourquoi voudrais-je 10 Ferrari, 20 montres et 2 avions ? Je n\u2019ai pas besoin de voitures et de maisons de luxe. J\u2019ai eu faim, j\u2019ai jou\u00e9 au football pieds nus. Aujourd\u2019hui, avec ce que je gagne gr\u00e2ce au football, je peux aider mon peuple \u00bb, a humblement indiqu\u00e9 le fer de lance des Lions du S\u00e9n\u00e9gal.<\/p>\n<p>Tout compte fait, le digne successeur de Jules Fran\u00e7ois Bocand\u00e9 (1958-2012) dans le c\u0153ur des Sudistes, a \u00e9rig\u00e9 dans son terroir une mosqu\u00e9e et un lyc\u00e9e. Ne s\u2019arr\u00eatant pas en si bon chemin, cette ic\u00f4ne fournit \u00ab des v\u00eatements et de la nourriture \u00e0 des d\u00e9munis \u00bb. Et de l\u2019aveu du Red, de nombreuses personnes re\u00e7oivent mensuellement la somme de 70 euros (46.000 F CFA).<\/p>\n<p>\u00ab L\u2019importance que Sadio Man\u00e9 accorde au social n\u2019est pas ordinaire. C\u2019est important pour lui parce qu\u2019il vient d\u2019un milieu d\u00e9favoris\u00e9. Il a connu la pauvret\u00e9 et (maintenant) il veut donner une chance qu\u2019il n\u2019avait pas \u00bb, a expliqu\u00e9 M. Diagne.<\/p>\n<\/div>\n<p>Auteur: APA News<br \/>\n<a href=\"https:\/\/www.journalducameroun.com\/sadio-mane-une-antistar-dans-la-cour-des-grands\/\">Cliquez ici pour lire l&rsquo;article depuis sa source.<\/a><\/p>\n","protected":false},"excerpt":{"rendered":"<p>Publi\u00e9 le 07.01.2020 \u00e0 22h18 par APA News Si dans le foot business, les dieux du ballon rond sont constamment sous le feu des projecteurs, Sadio Man\u00e9 se d\u00e9marque nettement de nombre de ses pairs par sa discr\u00e9tion intrigante.Et pourtant, \u00e0 l\u2019heure actuelle, le S\u00e9n\u00e9galais figure parmi les stars du sport le plus populaire au [&hellip;]<\/p>\n","protected":false},"author":1965,"featured_media":0,"comment_status":"closed","ping_status":"closed","sticky":false,"template":"","format":"standard","meta":{"fifu_image_url":"","fifu_image_alt":"","footnotes":""},"categories":[73,82],"tags":[],"class_list":["post-72415","post","type-post","status-publish","format-standard","hentry","category-actualite","category-cameroun"],"_links":{"self":[{"href":"https:\/\/linitiative.ca\/International\/wp-json\/wp\/v2\/posts\/72415","targetHints":{"allow":["GET"]}}],"collection":[{"href":"https:\/\/linitiative.ca\/International\/wp-json\/wp\/v2\/posts"}],"about":[{"href":"https:\/\/linitiative.ca\/International\/wp-json\/wp\/v2\/types\/post"}],"author":[{"embeddable":true,"href":"https:\/\/linitiative.ca\/International\/wp-json\/wp\/v2\/users\/1965"}],"replies":[{"embeddable":true,"href":"https:\/\/linitiative.ca\/International\/wp-json\/wp\/v2\/comments?post=72415"}],"version-history":[{"count":0,"href":"https:\/\/linitiative.ca\/International\/wp-json\/wp\/v2\/posts\/72415\/revisions"}],"wp:attachment":[{"href":"https:\/\/linitiative.ca\/International\/wp-json\/wp\/v2\/media?parent=72415"}],"wp:term":[{"taxonomy":"category","embeddable":true,"href":"https:\/\/linitiative.ca\/International\/wp-json\/wp\/v2\/categories?post=72415"},{"taxonomy":"post_tag","embeddable":true,"href":"https:\/\/linitiative.ca\/International\/wp-json\/wp\/v2\/tags?post=72415"}],"curies":[{"name":"wp","href":"https:\/\/api.w.org\/{rel}","templated":true}]}}