{"id":72418,"date":"2020-01-07T17:18:03","date_gmt":"2020-01-07T22:18:03","guid":{"rendered":"https:\/\/linitiative.ca\/International\/cote-divoire-limpot-minimum-forfaitaire-suspendu-a-titre-transitoire\/"},"modified":"2020-01-07T17:18:03","modified_gmt":"2020-01-07T22:18:03","slug":"cote-divoire-limpot-minimum-forfaitaire-suspendu-a-titre-transitoire","status":"publish","type":"post","link":"https:\/\/linitiative.ca\/International\/cote-divoire-limpot-minimum-forfaitaire-suspendu-a-titre-transitoire\/","title":{"rendered":"C\u00f4te d\u2019Ivoire: l\u2019imp\u00f4t minimum forfaitaire suspendu \u00e0 titre \u00abtransitoire\u00bb"},"content":{"rendered":"<div readability=\"32\">\n<p>Publi\u00e9 le 07.01.2020 \u00e0 23h18 par APA News<\/p>\n<\/div>\n<div readability=\"92\">\n<p>L\u2019Imp\u00f4t minimum forfaitaire (IMF), une taxe fiscale en C\u00f4te d\u2019Ivoire, est suspendu \u00e0 titre \u00abtransitoire\u00bb, en entendant les \u00abcommentaires\u00bb du champ d\u2019application, selon l\u2019annexe fiscale 2020 pr\u00e9sent\u00e9e mardi au si\u00e8ge du Patronat ivoirien, \u00e0 Abidjan.L\u2019IMF, fortement contest\u00e9 par les entreprises locales qui trouvent cet imp\u00f4t \u00ab anti \u00e9conomique \u00bb, devrait \u00eatre \u00ab pay\u00e9 lorsqu\u2019on a un r\u00e9sultat insuffisant \u00bb ou n\u00e9gatif, a fait savoir Annick Kopoin, experte en fiscalit\u00e9 au cabinet Mondon Conseil international.<\/p>\n<p>Mme Annick Kopoin s\u2019exprimait sur l\u2019implication de cette disposition fiscale, lors d\u2019une pr\u00e9sentation de l\u2019annexe fiscale portant budget de l\u2019Etat pour l\u2019exercice 2020, \u00a0au si\u00e8ge de la Conf\u00e9d\u00e9ration g\u00e9n\u00e9rale des entreprises de C\u00f4te d\u2019Ivoire (Cgeci, Patronat).\u00a0<\/p>\n<p>M. Elvis B\u00e9n\u00e9 Kobenan, chef du service des R\u00e9formes fiscales \u00e0 la Direction g\u00e9n\u00e9rale des imp\u00f4ts, a indiqu\u00e9 que pour cette mesure \u00ab transitoire il y a des \u00e9tudes qui sont en cours pour voir l\u2019orientation qu\u2019on va donner \u00e0 cet imp\u00f4t s\u2019il faut le supprimer \u00bb ou non.<\/p>\n<p>Il a fait remarquer qu\u2019 un \u00ab commentaire \u00bb de cette loi fiscale devrait \u00eatre pris incessamment par les autorit\u00e9s ivoiriennes afin de pr\u00e9ciser les domaines d\u2019application de l\u2019Imp\u00f4t minimum forfaitaire, qui pourrait \u00eatre pay\u00e9 par les entreprises dont le b\u00e9n\u00e9fice peut supporter cette charge fiscale.\u00a0<\/p>\n<p>Cette mesure d\u00e9pla\u00eet \u00e0 la F\u00e9d\u00e9ration des petites et moyennes entreprises de C\u00f4te d\u2019Ivoire, qui d\u00e9plore le fait que l\u2019Imp\u00f4t minimum forfaitaire, suspendu dans le courant de 2019 par le minist\u00e8re du Budget et du portefeuille de l\u2019Etat ne soit pas supprim\u00e9 comme exig\u00e9 dans leurs observations. \u00a0\u00a0<\/p>\n<p>Le montant de l\u2019IMF, institu\u00e9 en 1969 avec un co\u00fbt uniforme fix\u00e9 \u00e0 330 000 Fcfa, a connu plusieurs \u00e9volutions et une r\u00e9forme en 1994 qui a relev\u00e9 le minimum de perception \u00e0 2 millions Fcfa et institu\u00e9 un maximum de perception de 30 millions Fcfa, calcul\u00e9 sur le chiffre d\u2019affaires.\u00a0<\/p>\n<p>L\u2019annexe fiscale de 2012 portant budget de l\u2019Etat pour l\u2019ann\u00e9e 2013 a relev\u00e9 le minimum de perception de 2 millions \u00e0 3 millions Fcfa et le maximum de perception de 30 millions \u00e0 35 millions Fcfa, indique l\u2019historique de l\u2019IMF. \u00a0<\/p>\n<p>Selon Mme Annick Kopoin \u00ab la Commission de r\u00e9forme fiscale avait propos\u00e9 la suppression de l\u2019IMF mais le l\u00e9gislateur a opt\u00e9 pour une suspension \u00e0 titre transitoire jusqu\u2019au 31 d\u00e9cembre 2020 \u00bb. De ce fait, les entreprises ayant un r\u00e9sultat d\u00e9ficitaire en 2019 ne se verront pas rechercher en paiement de cet imp\u00f4t.<\/p>\n<p>La mesure transitoire est un temps que l\u2019Etat de C\u00f4te d\u2019Ivoire se donne pour appr\u00e9cier les effets \u00a0dans un premier temps avant de s\u2019acheminer vers une suppression totale de l\u2019Imp\u00f4t minimum forfaitaire (IMF) dans le dispositif fiscal ivoirien.\u00a0<\/p>\n<\/div>\n<p>Auteur: APA News<br \/>\n<a href=\"https:\/\/www.journalducameroun.com\/cote-divoire-limpot-minimum-forfaitaire-suspendu-a-titre-transitoire\/\">Cliquez ici pour lire l&rsquo;article depuis sa source.<\/a><\/p>\n","protected":false},"excerpt":{"rendered":"<p>Publi\u00e9 le 07.01.2020 \u00e0 23h18 par APA News L\u2019Imp\u00f4t minimum forfaitaire (IMF), une taxe fiscale en C\u00f4te d\u2019Ivoire, est suspendu \u00e0 titre \u00abtransitoire\u00bb, en entendant les \u00abcommentaires\u00bb du champ d\u2019application, selon l\u2019annexe fiscale 2020 pr\u00e9sent\u00e9e mardi au si\u00e8ge du Patronat ivoirien, \u00e0 Abidjan.L\u2019IMF, fortement contest\u00e9 par les entreprises locales qui trouvent cet imp\u00f4t \u00ab anti [&hellip;]<\/p>\n","protected":false},"author":1965,"featured_media":0,"comment_status":"closed","ping_status":"closed","sticky":false,"template":"","format":"standard","meta":{"fifu_image_url":"","fifu_image_alt":"","footnotes":""},"categories":[73,82],"tags":[],"class_list":["post-72418","post","type-post","status-publish","format-standard","hentry","category-actualite","category-cameroun"],"_links":{"self":[{"href":"https:\/\/linitiative.ca\/International\/wp-json\/wp\/v2\/posts\/72418","targetHints":{"allow":["GET"]}}],"collection":[{"href":"https:\/\/linitiative.ca\/International\/wp-json\/wp\/v2\/posts"}],"about":[{"href":"https:\/\/linitiative.ca\/International\/wp-json\/wp\/v2\/types\/post"}],"author":[{"embeddable":true,"href":"https:\/\/linitiative.ca\/International\/wp-json\/wp\/v2\/users\/1965"}],"replies":[{"embeddable":true,"href":"https:\/\/linitiative.ca\/International\/wp-json\/wp\/v2\/comments?post=72418"}],"version-history":[{"count":0,"href":"https:\/\/linitiative.ca\/International\/wp-json\/wp\/v2\/posts\/72418\/revisions"}],"wp:attachment":[{"href":"https:\/\/linitiative.ca\/International\/wp-json\/wp\/v2\/media?parent=72418"}],"wp:term":[{"taxonomy":"category","embeddable":true,"href":"https:\/\/linitiative.ca\/International\/wp-json\/wp\/v2\/categories?post=72418"},{"taxonomy":"post_tag","embeddable":true,"href":"https:\/\/linitiative.ca\/International\/wp-json\/wp\/v2\/tags?post=72418"}],"curies":[{"name":"wp","href":"https:\/\/api.w.org\/{rel}","templated":true}]}}