{"id":72422,"date":"2020-01-07T12:05:49","date_gmt":"2020-01-07T17:05:49","guid":{"rendered":"https:\/\/linitiative.ca\/International\/laeroport-international-de-yaounde-nsimalen-arrime-a-80-aux-normes-de-loaci\/"},"modified":"2020-01-07T12:05:49","modified_gmt":"2020-01-07T17:05:49","slug":"laeroport-international-de-yaounde-nsimalen-arrime-a-80-aux-normes-de-loaci","status":"publish","type":"post","link":"https:\/\/linitiative.ca\/International\/laeroport-international-de-yaounde-nsimalen-arrime-a-80-aux-normes-de-loaci\/","title":{"rendered":"L\u2019a\u00e9roport international de Yaound\u00e9-Nsimalen arrim\u00e9 \u00e0 80% aux normes de l\u2019OACI"},"content":{"rendered":"<div class=\"featured-area featured-area-inner\"><img loading=\"lazy\" decoding=\"async\" width=\"780\" height=\"386\" src=\"https:\/\/ecomatin.net\/wp-content\/uploads\/2020\/01\/Yaounde-780x386.jpg?is-pending-load=1\" class=\"attachment-jannah-image-post size-jannah-image-post wp-post-image jetpack-lazy-image\" alt=\"\" srcset=\"data:image\/gif;base64,R0lGODlhAQABAIAAAAAAAP\/\/\/yH5BAEAAAAALAAAAAABAAEAAAIBRAA7\"\/><\/div>\n<div class=\"entry-content entry clearfix\" readability=\"58.55191509\">\n<p><strong>Jean Ernest Massena Ngalle Bibehe<\/strong>, ministre des Transports, informe que l\u2019Organisation de l\u2019aviation civile internationale (<strong>Oaci<\/strong>) a fait tenir aux autorit\u00e9s camerounaises le rapport confidentiel de l\u2019audit de s\u00fbret\u00e9 de l\u2019aviation, r\u00e9alis\u00e9 au Cameroun, dans le cadre du programme universel d\u2019audits de s\u00fbret\u00e9 (<strong>Usap<\/strong>). D\u2019apr\u00e8s ledit rapport, l\u2019a\u00e9roport international de Yaound\u00e9-Nsimalen s\u2019arrime progressivement aux normes de l\u2019Organisation de l\u2019aviation civile.\u00a0 Les r\u00e9sultats de l\u2019audit r\u00e9alis\u00e9 par l\u2019Oaci r\u00e9v\u00e8lent que le Cameroun a atteint plus de <strong>80%<\/strong> de mise en \u0153uvre effective d\u2019un syst\u00e8me de supervision de la <strong>s\u00fbret\u00e9 de l\u2019aviation<\/strong>, contre <strong>68,85%<\/strong> en 2018. <em>\u00ab\u00a0L\u2019arr\u00eat relatif aux normes de conception et de construction permettra l\u2019acc\u00e9l\u00e9ration de ce processus \u00bb,<\/em> indique le ministre des Transports.<\/p>\n<hr\/>\n<p><strong>Lire aussi\u00a0: <a href=\"https:\/\/ecomatin.net\/aviation-civile-laeroport-international-de-douala-corrige-ses-failles\/\">Aviation civile : l\u2019a\u00e9roport international de Douala corrige ses failles<\/a><\/strong><\/p>\n<hr\/>\n<p>Pour <strong>M. Ngalle Bibehe,<\/strong> <em>\u00ab ces r\u00e9sultats positifs, atteints gr\u00e2ce aux importants moyens humains, mat\u00e9riels et financiers mis en \u0153uvre [\u2026] d\u00e9montrent que les actions entreprises par le Cameroun pour am\u00e9liorer la mise en \u0153uvre des normes de s\u00fbret\u00e9 de l\u2019aviation civile portent leurs fruits \u00bb,<\/em> se r\u00e9jouit le membre du gouvernement. <em>\u00ab Ils sont d\u2019autant plus encourageants qu\u2019ils sont obtenus dans un contexte de transition o\u00f9 les actions correctrices sont achev\u00e9es uniquement \u00e0 l\u2019a\u00e9roport international de Yaound\u00e9-Nsimalen et sont en cours de mise en \u0153uvre sur les a\u00e9roports internationaux de Douala, Garoua et Maroua-Salak \u00bb.<\/em><\/p>\n<p>Depuis la visite du personnel de l\u2019Oaci du 27 f\u00e9vrier au 1<sup>er<\/sup> mars 2019, aux <strong>A\u00e9roports du Cameroun (ADC)<\/strong>, l\u2019\u00e9quipe manag\u00e9riale s\u2019est attel\u00e9e \u00e0 la formation et l\u2019installation des \u00e9quipes de s\u00e9curit\u00e9-piste dans les a\u00e9roports de Douala et Yaound\u00e9-Nsimalen ; \u00e0 accentuer les travaux de certification de l\u2019a\u00e9roport de Yaound\u00e9-Nsimalen, et s\u2019accorder sur un \u00e9ch\u00e9ancier de certification avant les comp\u00e9titions \u00e0 venir.<\/p>\n<div class=\"sharedaddy sd-sharing-enabled robots-nocontent sd-block sd-social sd-social-icon-text sd-sharing\">\n<h3 class=\"sd-title\">Partager\u00a0:<\/h3>\n<\/div>\n<p><h3 class=\"jp-relatedposts-headline\"><em>Articles similaires<\/em><\/h3>\n<\/p>\n<\/div>\n<div class=\"toggle-post-content clearfix\"><a id=\"toggle-post-button\" class=\"button\" href=\"#\">Afficher plus <\/a><\/div>\n<p>Auteur: Ecomatin<br \/>\n<a href=\"https:\/\/ecomatin.net\/laeroport-international-de-yaounde-nsimalen-arrime-a-80-aux-normes-de-loaci\/\">Cliquez ici pour lire l&rsquo;article depuis sa source.<\/a><\/p>\n","protected":false},"excerpt":{"rendered":"<p>Jean Ernest Massena Ngalle Bibehe, ministre des Transports, informe que l\u2019Organisation de l\u2019aviation civile internationale (Oaci) a fait tenir aux autorit\u00e9s camerounaises le rapport confidentiel de l\u2019audit de s\u00fbret\u00e9 de l\u2019aviation, r\u00e9alis\u00e9 au Cameroun, dans le cadre du programme universel d\u2019audits de s\u00fbret\u00e9 (Usap). D\u2019apr\u00e8s ledit rapport, l\u2019a\u00e9roport international de Yaound\u00e9-Nsimalen s\u2019arrime progressivement aux normes [&hellip;]<\/p>\n","protected":false},"author":1969,"featured_media":0,"comment_status":"closed","ping_status":"closed","sticky":false,"template":"","format":"standard","meta":{"fifu_image_url":"","fifu_image_alt":"","footnotes":""},"categories":[82,78],"tags":[],"class_list":["post-72422","post","type-post","status-publish","format-standard","hentry","category-cameroun","category-economie"],"_links":{"self":[{"href":"https:\/\/linitiative.ca\/International\/wp-json\/wp\/v2\/posts\/72422","targetHints":{"allow":["GET"]}}],"collection":[{"href":"https:\/\/linitiative.ca\/International\/wp-json\/wp\/v2\/posts"}],"about":[{"href":"https:\/\/linitiative.ca\/International\/wp-json\/wp\/v2\/types\/post"}],"author":[{"embeddable":true,"href":"https:\/\/linitiative.ca\/International\/wp-json\/wp\/v2\/users\/1969"}],"replies":[{"embeddable":true,"href":"https:\/\/linitiative.ca\/International\/wp-json\/wp\/v2\/comments?post=72422"}],"version-history":[{"count":0,"href":"https:\/\/linitiative.ca\/International\/wp-json\/wp\/v2\/posts\/72422\/revisions"}],"wp:attachment":[{"href":"https:\/\/linitiative.ca\/International\/wp-json\/wp\/v2\/media?parent=72422"}],"wp:term":[{"taxonomy":"category","embeddable":true,"href":"https:\/\/linitiative.ca\/International\/wp-json\/wp\/v2\/categories?post=72422"},{"taxonomy":"post_tag","embeddable":true,"href":"https:\/\/linitiative.ca\/International\/wp-json\/wp\/v2\/tags?post=72422"}],"curies":[{"name":"wp","href":"https:\/\/api.w.org\/{rel}","templated":true}]}}