{"id":72423,"date":"2020-01-07T12:22:09","date_gmt":"2020-01-07T17:22:09","guid":{"rendered":"https:\/\/linitiative.ca\/International\/250-camerounais-retenus-pour-une-offre-financiere-de-la-fondation-tony-elumelu\/"},"modified":"2020-01-07T12:22:09","modified_gmt":"2020-01-07T17:22:09","slug":"250-camerounais-retenus-pour-une-offre-financiere-de-la-fondation-tony-elumelu","status":"publish","type":"post","link":"https:\/\/linitiative.ca\/International\/250-camerounais-retenus-pour-une-offre-financiere-de-la-fondation-tony-elumelu\/","title":{"rendered":"250 camerounais retenus pour une offre financi\u00e8re de la fondation Tony Elumelu"},"content":{"rendered":"<p><strong>250<\/strong>, c\u2019est le nombre d\u2019entrepreneurs camerounais qui vont b\u00e9n\u00e9ficier des appuis financiers dans le cadre de ce programme d\u00e9sormais soutenu par le Programme des Nations unies pour le d\u00e9veloppement (<strong>Pnud<\/strong>). Et ce parmi une niche de 2 100 jeunes entrepreneurs africains.<\/p>\n<hr\/>\n<p><strong>Lire aussi\u00a0: <a href=\"https:\/\/ecomatin.net\/entrepreneuriat-tony-elumelu-sallie-au-pnud-pour-soutenir-100-000-entrepreneurs-africains\/\">Tony Elumelu s\u2019allie au Pnud pour soutenir 100 000 entrepreneurs africains<\/a><\/strong><\/p>\n<hr\/>\n<p>Ce programme a \u00e9t\u00e9 lanc\u00e9 il y a quelques ann\u00e9es par la <strong>Fondation Elumelu<\/strong>, du nom du milliardaire nig\u00e9rian Tony Elumelu. Gr\u00e2ce \u00e0 des financements oscillant entre <strong>900\u2009000 FCFA<\/strong> et <strong>2,9 millions<\/strong> <strong>de<\/strong> <strong>FCFA<\/strong>, ces entrepreneurs camerounais empocheront une enveloppe globale estim\u00e9e \u00e0 <strong>316 millions de FCFA<\/strong> pour d\u00e9velopper leurs business.<\/p>\n<p>En juillet 2019, Tony Elumelu et <strong>Ahunna Eziakonwa<\/strong>, directrice r\u00e9gionale du <strong>PNUD<\/strong> pour l\u2019Afrique, signaient au Niger un partenariat pour le <em>\u00ab <strong>Programme d\u2019Entrepreneuriat TEF-PNUD<\/strong> <strong>pour les Jeunes du Sahel<\/strong>\u00a0\u00bb<\/em>. Cette initiative vise \u00e0 autonomiser 100 000 entrepreneurs sur dix ans \u00e0 travers l\u2019Afrique. La signature avait pr\u00e9c\u00e9d\u00e9 tout un processus comprenant l\u2019appel \u00e0 candidatures et un concours de pitch dans diverses communaut\u00e9s des sept pays cibl\u00e9s. La semaine\u00a0derni\u00e8re, le processus de s\u00e9lection a \u00e9t\u00e9 boucl\u00e9 avec la d\u00e9signation de 2 100 entrepreneurs jeunes.<\/p>\n<p>Les 250 s\u00e9lectionn\u00e9s du Cameroun se recrutent dans les secteurs les Tic, l\u2019agriculture, l\u2019ing\u00e9nierie ou encore la mode. Dans les d\u00e9tails, 175 auront une enveloppe de 1 500 dollars (pr\u00e8s de 900 000 FCFA), 50 une enveloppe de 3\u00a0000 dollars (1,8 millions de FCFA) et 25 une cagnotte de 5 000 dollars (2,9 millions de FCFA). Soit un total d\u2019environ 316 millions de FCFA.<\/p>\n<p>Cette initiative poursuit l\u2019objectif d\u2019autonomisation des jeunes entrepreneurs africains, de cr\u00e9ation des millions d\u2019emplois, mais aussi de g\u00e9n\u00e9rer des revenus en Afrique pour lutter efficacement contre la pauvret\u00e9. Quant \u00e0 la suite du processus, on indique que les candidats seront inform\u00e9s de leur s\u00e9lection. L\u2019encadrement va \u00e9galement se poursuivre \u00e0 travers une plateforme pour qu\u2019effectivement les projets qu\u2019ils ont d\u00e9fendus puissent prosp\u00e9rer. <em>\u00ab L\u2019emploi des jeunes et l\u2019autonomisation \u00e9conomique sont essentiels pour la transformation socio-\u00e9conomique du Sahel. La r\u00e9g\u00e9n\u00e9ration du Sahel est une priorit\u00e9 essentielle pour le PNUD. Nous continuerons de donner la priorit\u00e9 aux initiatives qui \u00e9liminent les obstacles \u00e0 la r\u00e9alisation du plein potentiel du Sahel \u2013 et qui rapprocheront de nous l\u2019espoir d\u2019une vie productive pour la jeunesse africaine \u00bb<\/em>, a indiqu\u00e9 <strong>Ahunna Eziakonwa<\/strong>.<\/p>\n<p>Pour <strong>Ifeyinwa<\/strong> <strong>Ugochukwu<\/strong>, directrice g\u00e9n\u00e9rale de la Fondation <strong>Tony Elumelu,<\/strong> il est question de cr\u00e9er des opportunit\u00e9s et donner aux jeunes africains l\u2019espoir d\u2019un avenir meilleur. Autre initiative qui vise l\u2019accompagnement des jeunes entrepreneurs africains, le programme d\u2019entrepreneuriat phare de la TEF qui vient de lancer une nouvelle phase d\u2019enr\u00f4lement. Le d\u00e9p\u00f4t des candidatures est effectif depuis le\u00a01<sup>er<\/sup> janvier 2020.<\/p>\n<div class=\"sharedaddy sd-sharing-enabled robots-nocontent sd-block sd-social sd-social-icon-text sd-sharing\">\n<h3 class=\"sd-title\">Partager\u00a0:<\/h3>\n<\/div>\n<p><h3 class=\"jp-relatedposts-headline\"><em>Articles similaires<\/em><\/h3>\n<\/p>\n<p>Auteur: Ecomatin<br \/>\n<a href=\"https:\/\/ecomatin.net\/250-camerounais-retenus-pour-une-offre-financiere-de-la-fondation-tony-elumelu\/\">Cliquez ici pour lire l&rsquo;article depuis sa source.<\/a><\/p>\n","protected":false},"excerpt":{"rendered":"<p>250, c\u2019est le nombre d\u2019entrepreneurs camerounais qui vont b\u00e9n\u00e9ficier des appuis financiers dans le cadre de ce programme d\u00e9sormais soutenu par le Programme des Nations unies pour le d\u00e9veloppement (Pnud). Et ce parmi une niche de 2 100 jeunes entrepreneurs africains. Lire aussi\u00a0: Tony Elumelu s\u2019allie au Pnud pour soutenir 100 000 entrepreneurs africains Ce [&hellip;]<\/p>\n","protected":false},"author":1969,"featured_media":0,"comment_status":"closed","ping_status":"closed","sticky":false,"template":"","format":"standard","meta":{"fifu_image_url":"","fifu_image_alt":"","footnotes":""},"categories":[82,78],"tags":[],"class_list":["post-72423","post","type-post","status-publish","format-standard","hentry","category-cameroun","category-economie"],"_links":{"self":[{"href":"https:\/\/linitiative.ca\/International\/wp-json\/wp\/v2\/posts\/72423","targetHints":{"allow":["GET"]}}],"collection":[{"href":"https:\/\/linitiative.ca\/International\/wp-json\/wp\/v2\/posts"}],"about":[{"href":"https:\/\/linitiative.ca\/International\/wp-json\/wp\/v2\/types\/post"}],"author":[{"embeddable":true,"href":"https:\/\/linitiative.ca\/International\/wp-json\/wp\/v2\/users\/1969"}],"replies":[{"embeddable":true,"href":"https:\/\/linitiative.ca\/International\/wp-json\/wp\/v2\/comments?post=72423"}],"version-history":[{"count":0,"href":"https:\/\/linitiative.ca\/International\/wp-json\/wp\/v2\/posts\/72423\/revisions"}],"wp:attachment":[{"href":"https:\/\/linitiative.ca\/International\/wp-json\/wp\/v2\/media?parent=72423"}],"wp:term":[{"taxonomy":"category","embeddable":true,"href":"https:\/\/linitiative.ca\/International\/wp-json\/wp\/v2\/categories?post=72423"},{"taxonomy":"post_tag","embeddable":true,"href":"https:\/\/linitiative.ca\/International\/wp-json\/wp\/v2\/tags?post=72423"}],"curies":[{"name":"wp","href":"https:\/\/api.w.org\/{rel}","templated":true}]}}