{"id":72426,"date":"2020-01-08T08:30:57","date_gmt":"2020-01-08T13:30:57","guid":{"rendered":"https:\/\/linitiative.ca\/International\/nouvel-an-amazigh-2970-lahoucine-bouyaakoubi-personnalite-de-lannee\/"},"modified":"2020-01-08T08:30:57","modified_gmt":"2020-01-08T13:30:57","slug":"nouvel-an-amazigh-2970-lahoucine-bouyaakoubi-personnalite-de-lannee","status":"publish","type":"post","link":"https:\/\/linitiative.ca\/International\/nouvel-an-amazigh-2970-lahoucine-bouyaakoubi-personnalite-de-lannee\/","title":{"rendered":"Nouvel an amazigh 2970 : Lahoucine Bouyaakoubi personnalit\u00e9 de l\u2019ann\u00e9e"},"content":{"rendered":"<p><img decoding=\"async\" class=\"post_layout_5_img\" src=\"http:\/\/aujourdhui.ma\/wp-content\/uploads\/2020\/01\/Lahoucine-Bouyaakoubi.jpg?x29840\" alt=\"Nouvel an amazigh 2970 : Lahoucine Bouyaakoubi personnalit\u00e9 de l\u2019ann\u00e9e\"\/><\/p>\n<p class=\"p1\"><span class=\"c4\"><strong><span class=\"s1\"><em>Un programme riche et vari\u00e9 a \u00e9t\u00e9 concoct\u00e9\u00a0<\/em><\/span><span class=\"s1\"><em>pour c\u00e9l\u00e9brer cet \u00e9v\u00e9nement<\/em><\/span><\/strong><\/span><span id=\"more-329043\"\/><\/p>\n<p class=\"p2\"><span class=\"s1\">Fid\u00e8le \u00e0 sa tradition depuis sa cr\u00e9ation en 2012, l\u2019association Tairi n wakal (Amour de la terre) c\u00e9l\u00e8brera le Nouvel an amazigh 2970 \u00e0 Agadir du 10 au 12 janvier. Pour cette huiti\u00e8me \u00e9dition, la personnalit\u00e9 de l\u2019ann\u00e9e amazighe est octroy\u00e9e \u00e0 Lahoucine Bouyaakoubi, enseignant-chercheur \u00e0 la FLSH-Universit\u00e9 Ibn Zohr d\u2019Agadir et chercheur dans le domaine amazigh et pr\u00e9sident de l\u2019Universit\u00e9 d\u2019\u00e9t\u00e9 d\u2019Agadir. Natif de Tarrast (Agadir) et apr\u00e8s l\u2019obtention d\u2019une Licence en histoire \u00e0 l\u2019Universit\u00e9 Ibn Zohr d\u2019Agadir, M. Bouyaakoubi \u00e9migre en France en 2002 pour pr\u00e9parer un DEA \u00e0 l\u2019Universit\u00e9 de Paris 8. Enseignant de l\u2019amazigh \u00e0 l\u2019Inalco en parall\u00e8le, depuis 2006 il pr\u00e9pare une th\u00e8se de Doctorat en anthropologie \u00e0 l\u2019EHESS-Paris qu\u2019il obtient en 2012.<\/span><\/p>\n<p class=\"p2\"><span class=\"s1\">Il publie en 2009 son premier ouvrage intitul\u00e9 \u00abMohamed Chafik, l\u2019homme de l\u2019unanimit\u00e9, parcours d\u2019une figure embl\u00e9matique de la revendication amazighe au Maroc\u00bb.<span class=\"Apple-converted-space\">\u00a0<\/span> Cette manifestation culturelle qui se tient sous le th\u00e8me <em>\u00abQuelle strat\u00e9gie r\u00e9gionale pour la mise en \u0153uvre de l\u2019officialisation de l\u2019amazigh dans la r\u00e9gion Souss-Massa?\u00bb<\/em>, pr\u00e9voit un programme riche et vari\u00e9 pour c\u00e9l\u00e9brer cet \u00e9v\u00e9nement. Au menu, une conf\u00e9rence internationale autour du th\u00e8me \u00abLes revendications amazighes en Afrique du Nord\u00bb le 10 janvier \u00e0 la salle Brahim Radi avec la participation du sociologue Nacer Djabi (Alg\u00e9rie), le chercheur Fathi Maamer (Tunisie), le politologue Fathi n Khalifa (Libye) et l\u2019anthropologue Lahoucine Bouyaakoubi (Maroc).<\/span><\/p>\n<p><a href=\"http:\/\/aujourdhui.ma\/wp-content\/uploads\/2020\/01\/Lahoucine-Bouyaakoubi-personnalite%CC%81-de-l%E2%80%99anne%CC%81e-amazigh-2970.jpg?x29840\"><img loading=\"lazy\" decoding=\"async\" class=\"size-full wp-image-329046 aligncenter\" src=\"http:\/\/aujourdhui.ma\/wp-content\/uploads\/2020\/01\/Lahoucine-Bouyaakoubi-personnalite%CC%81-de-l%E2%80%99anne%CC%81e-amazigh-2970.jpg?x29840\" alt=\"\" width=\"500\" height=\"884\" srcset=\"http:\/\/aujourdhui.ma\/wp-content\/uploads\/2020\/01\/Lahoucine-Bouyaakoubi-personnalite\u0301-de-l\u2019anne\u0301e-amazigh-2970.jpg 500w, http:\/\/aujourdhui.ma\/wp-content\/uploads\/2020\/01\/Lahoucine-Bouyaakoubi-personnalite\u0301-de-l\u2019anne\u0301e-amazigh-2970-170x300.jpg 170w\" sizes=\"auto, (max-width: 500px) 100vw, 500px\"\/><\/a><\/p>\n<p class=\"p2\"><span class=\"s1\">Une deuxi\u00e8me conf\u00e9rence sera organis\u00e9e le 12 janvier \u00e0 la Chambre de commerce, d\u2019industrie et des services d\u2019Agadir sur <em>\u00abLe mouvement amazigh au Maroc : quelle strat\u00e9gie apr\u00e8s la reconnaissance constitutionnelle de l\u2019amazigh?\u00bb<\/em> avec la contribution de Ahmed Arehmouhe, militant de droits de l\u2019Homme, Essafi Moumen Ali, associatif et \u00e9crivain, Lahcen Amokran, associatif, et Mohamed Akounad, pr\u00e9sident de l\u2019Alliance Tirra. Un d\u00e9fil\u00e9 de mode est \u00e9galement programm\u00e9 le 11 janvier. Ce festival international se terminera par une grande soir\u00e9e artistique transmise en direct sur TV Tamazight le 12 janvier 2020 avec la participation de Fatima Tabaamrant, Omar Boutmzought, Lhoussine Taous, Groupe Bnat Louz et Batoul El Merouani.<\/span><\/p>\n<p class=\"p2\"><span class=\"s1\">A cette occasion, l\u2019association rend hommage \u00e0 des personnalit\u00e9s culturelles et \u00e9conomiques dont Mohamed El Mouden (\u00e9conomie), Mohamed Farid Zalhoud (litt\u00e9rature), Rachid Najib (jeune chercheur), Mohamed Chibi (religion) et Omar Taous (po\u00e8te). En parall\u00e8le de ces activit\u00e9s, une exposition du patrimoine et des arts de la rue sont programm\u00e9s dans les deux places publiques (Prince h\u00e9ritier et Almassira Al Khadra) autour de la municipalit\u00e9 d\u2019Agadir. Cet \u00e9v\u00e8nement est organis\u00e9 en partenariat avec la wilaya de la r\u00e9gion Souss-Massa, les conseils r\u00e9gional, provincial et communal, le minist\u00e8re de la culture, la Maison de l\u2019artisan et plusieurs op\u00e9rateurs \u00e9conomiques.<\/span><\/p>\n<p>Auteur: Mohamed Laabid<br \/>\n<a href=\"http:\/\/aujourdhui.ma\/culture\/nouvel-an-amazigh-2970-lahoucine-bouyaakoubi-personnalite-de-lannee\">Cliquez ici pour lire l&rsquo;article depuis sa source.<\/a><\/p>\n","protected":false},"excerpt":{"rendered":"<p>Un programme riche et vari\u00e9 a \u00e9t\u00e9 concoct\u00e9\u00a0pour c\u00e9l\u00e9brer cet \u00e9v\u00e9nement Fid\u00e8le \u00e0 sa tradition depuis sa cr\u00e9ation en 2012, l\u2019association Tairi n wakal (Amour de la terre) c\u00e9l\u00e8brera le Nouvel an amazigh 2970 \u00e0 Agadir du 10 au 12 janvier. Pour cette huiti\u00e8me \u00e9dition, la personnalit\u00e9 de l\u2019ann\u00e9e amazighe est octroy\u00e9e \u00e0 Lahoucine Bouyaakoubi, [&hellip;]<\/p>\n","protected":false},"author":1759,"featured_media":0,"comment_status":"closed","ping_status":"closed","sticky":false,"template":"","format":"standard","meta":{"fifu_image_url":"","fifu_image_alt":"","footnotes":""},"categories":[73,54],"tags":[],"class_list":["post-72426","post","type-post","status-publish","format-standard","hentry","category-actualite","category-maroc"],"_links":{"self":[{"href":"https:\/\/linitiative.ca\/International\/wp-json\/wp\/v2\/posts\/72426","targetHints":{"allow":["GET"]}}],"collection":[{"href":"https:\/\/linitiative.ca\/International\/wp-json\/wp\/v2\/posts"}],"about":[{"href":"https:\/\/linitiative.ca\/International\/wp-json\/wp\/v2\/types\/post"}],"author":[{"embeddable":true,"href":"https:\/\/linitiative.ca\/International\/wp-json\/wp\/v2\/users\/1759"}],"replies":[{"embeddable":true,"href":"https:\/\/linitiative.ca\/International\/wp-json\/wp\/v2\/comments?post=72426"}],"version-history":[{"count":0,"href":"https:\/\/linitiative.ca\/International\/wp-json\/wp\/v2\/posts\/72426\/revisions"}],"wp:attachment":[{"href":"https:\/\/linitiative.ca\/International\/wp-json\/wp\/v2\/media?parent=72426"}],"wp:term":[{"taxonomy":"category","embeddable":true,"href":"https:\/\/linitiative.ca\/International\/wp-json\/wp\/v2\/categories?post=72426"},{"taxonomy":"post_tag","embeddable":true,"href":"https:\/\/linitiative.ca\/International\/wp-json\/wp\/v2\/tags?post=72426"}],"curies":[{"name":"wp","href":"https:\/\/api.w.org\/{rel}","templated":true}]}}