{"id":72429,"date":"2020-01-08T06:56:42","date_gmt":"2020-01-08T11:56:42","guid":{"rendered":"https:\/\/linitiative.ca\/International\/les-ventes-en-baisse-de-615-par-rapport-a-2018\/"},"modified":"2020-01-08T06:56:42","modified_gmt":"2020-01-08T11:56:42","slug":"les-ventes-en-baisse-de-615-par-rapport-a-2018","status":"publish","type":"post","link":"https:\/\/linitiative.ca\/International\/les-ventes-en-baisse-de-615-par-rapport-a-2018\/","title":{"rendered":"Les ventes en baisse de 6,15% par rapport \u00e0 2018"},"content":{"rendered":"<p class=\"has-text-color has-vivid-cyan-blue-color c2\"><em><strong>D\u2019apr\u00e8s les chiffres qui viennent d\u2019\u00eatre d\u00e9voil\u00e9s par l\u2019Association des Importateurs de V\u00e9hicules au Maroc (AIVAM), le march\u00e9 automobile a connu une baisse des volumes trait\u00e9s en 2019 par rapport \u00e0 l\u2019exercice 2018<\/strong><\/em><strong>.<\/strong><\/p>\n<p>Pour rappel, le march\u00e9 automobile avait cl\u00f4tur\u00e9 l\u2019ann\u00e9e 2018 avec une hausse de 5,2% par rapport \u00e0 2017. Les ventes de v\u00e9hicules neufs dans le Royaume ont ainsi atteint 165.918 unit\u00e9s durant l\u2019ann\u00e9e \u00e9coul\u00e9e, en baisse de 6,15% comparativement \u00e0 2018. Dans le d\u00e9tail, 148.189 v\u00e9hicules particuliers (VP) ont \u00e9t\u00e9 commercialis\u00e9s en 2019, ce qui repr\u00e9sente une baisse de 9,1% par rapport \u00e0 2018.<\/p>\n<p>Concernant les v\u00e9hicules utilitaires l\u00e9gers (VUL), les ventes ont enregistr\u00e9 17.729 unit\u00e9s, en croissance de 24.14% par rapport \u00e0 l\u2019ann\u00e9e 2018. Cette dynamique, selon l\u2019Association des Importateurs de V\u00e9hicules au Maroc, est due au bon comportement des secteurs touristiques et du transport du personnel ainsi que l\u2019introduction de mini pick-up dans ce segment.<\/p>\n<p>Pour le mois de d\u00e9cembre 2019, les ventes VP+VUL ont totalis\u00e9 21.925 unit\u00e9s, en l\u00e9ger recul de 2.78% en comparaison avec d\u00e9cembre 2018. L\u2019AIVAM, entrevoit une l\u00e9g\u00e8re embellie pour l\u2019ann\u00e9e 2020 sous l\u2019effet de la reprise de la subvention pour le renouvellement du parc des taxis ainsi que la tenue du salon AUTOEXPO en Juin 2020.<\/p>\n<p>Par ailleurs, l\u2019AIVAM pr\u00e9cise qu\u2019elle continuera le d\u00e9ploiement de la feuille de route visant \u00e0 promouvoir et professionnaliser le secteur de la distribution automobile au Maroc.<\/p>\n<p class=\"c2\"><strong>Aimen Bouzoggaghe<\/strong><\/p>\n<p>Auteur: M&rsquo;hammed rahal<br \/>\n<a href=\"http:\/\/albayane.press.ma\/les-ventes-en-baisse-de-615-par-rapport-a-2018.html\">Cliquez ici pour lire l&rsquo;article depuis sa source.<\/a><\/p>\n","protected":false},"excerpt":{"rendered":"<p>D\u2019apr\u00e8s les chiffres qui viennent d\u2019\u00eatre d\u00e9voil\u00e9s par l\u2019Association des Importateurs de V\u00e9hicules au Maroc (AIVAM), le march\u00e9 automobile a connu une baisse des volumes trait\u00e9s en 2019 par rapport \u00e0 l\u2019exercice 2018. Pour rappel, le march\u00e9 automobile avait cl\u00f4tur\u00e9 l\u2019ann\u00e9e 2018 avec une hausse de 5,2% par rapport \u00e0 2017. Les ventes de v\u00e9hicules [&hellip;]<\/p>\n","protected":false},"author":1760,"featured_media":0,"comment_status":"closed","ping_status":"closed","sticky":false,"template":"","format":"standard","meta":{"fifu_image_url":"","fifu_image_alt":"","footnotes":""},"categories":[73,54],"tags":[],"class_list":["post-72429","post","type-post","status-publish","format-standard","hentry","category-actualite","category-maroc"],"_links":{"self":[{"href":"https:\/\/linitiative.ca\/International\/wp-json\/wp\/v2\/posts\/72429","targetHints":{"allow":["GET"]}}],"collection":[{"href":"https:\/\/linitiative.ca\/International\/wp-json\/wp\/v2\/posts"}],"about":[{"href":"https:\/\/linitiative.ca\/International\/wp-json\/wp\/v2\/types\/post"}],"author":[{"embeddable":true,"href":"https:\/\/linitiative.ca\/International\/wp-json\/wp\/v2\/users\/1760"}],"replies":[{"embeddable":true,"href":"https:\/\/linitiative.ca\/International\/wp-json\/wp\/v2\/comments?post=72429"}],"version-history":[{"count":0,"href":"https:\/\/linitiative.ca\/International\/wp-json\/wp\/v2\/posts\/72429\/revisions"}],"wp:attachment":[{"href":"https:\/\/linitiative.ca\/International\/wp-json\/wp\/v2\/media?parent=72429"}],"wp:term":[{"taxonomy":"category","embeddable":true,"href":"https:\/\/linitiative.ca\/International\/wp-json\/wp\/v2\/categories?post=72429"},{"taxonomy":"post_tag","embeddable":true,"href":"https:\/\/linitiative.ca\/International\/wp-json\/wp\/v2\/tags?post=72429"}],"curies":[{"name":"wp","href":"https:\/\/api.w.org\/{rel}","templated":true}]}}