{"id":72431,"date":"2020-01-08T07:37:08","date_gmt":"2020-01-08T12:37:08","guid":{"rendered":"https:\/\/linitiative.ca\/International\/economie-487-des-entreprises-tuniso-francaises-ont-ameliore-leur-ca\/"},"modified":"2020-01-08T07:37:08","modified_gmt":"2020-01-08T12:37:08","slug":"economie-487-des-entreprises-tuniso-francaises-ont-ameliore-leur-ca","status":"publish","type":"post","link":"https:\/\/linitiative.ca\/International\/economie-487-des-entreprises-tuniso-francaises-ont-ameliore-leur-ca\/","title":{"rendered":"Economie\u00a0: 48,7% des entreprises tuniso-fran\u00e7aises ont am\u00e9lior\u00e9 leur CA"},"content":{"rendered":"<p>48,7% des entreprises tuniso-fran\u00e7aises, install\u00e9es en Tunisie, ont am\u00e9lior\u00e9 leur chiffre d\u2019affaires et 51,9% ont entrepris de nouveaux investissements en 2019, a indiqu\u00e9 Foued Lakhoua, pr\u00e9sident de la Chambre Tuniso-Fran\u00e7aise de Commerce et d\u2019Industrie, mercredi, \u00e0 Tunis, lors d\u2019une conf\u00e9rence de presse consacr\u00e9e \u00e0 la pr\u00e9sentation des r\u00e9sultats du Barom\u00e8tre de la conjoncture \u00e9conomique de la CTFCI.<br \/>Lakhoua a ajout\u00e9 que 45% de ces entreprises ont cr\u00e9\u00e9 de nouveaux emplois durant l\u2019ann\u00e9e \u00e9coul\u00e9e et que 47% d\u2019entre elles, sont satisfaites de l\u2019am\u00e9lioration de la situation s\u00e9curitaire dans le pays.<br \/>\u00ab Ces indicateurs prouvent que les entreprises tuniso-fran\u00e7aises font preuve r\u00e9silience et qu\u2019elles tiennent \u00e0 continuer \u00e0 investir en Tunisie, malgr\u00e9 nombre de difficult\u00e9s \u00bb, a-t-il not\u00e9.<br \/>A ce propos, il a point\u00e9 du doigt les freins qui continuent \u00e0 bloquer le processus de production et d\u2019investissement, notamment l\u2019absence de visibilit\u00e9, l\u2019instabilit\u00e9 politique, la d\u00e9t\u00e9rioration du climat d\u2019affaires, la d\u00e9gradation de l\u2019infrastructure et la lourdeur administrative.<br \/>Dans ce m\u00eame contexte, N\u00e9jib Ouerghi, directeur de la communication \u00e0 la CTFCI, a pass\u00e9 en revue les principales entraves cit\u00e9es par les chefs d\u2019entreprises, notamment dans le cadre de leur relation avec l\u2019administration tunisienne. Il s\u2019agit de la fiscalit\u00e9 (41,7%), la douane (35%), la Banque Centrale de Tunisie (24%) et la CNSS (15,4%).<br \/>\u00ab Les probl\u00e8mes administratifs constituent un frein infranchissable pour la lib\u00e9ralisation de l\u2019initiative et l\u2019impulsion de l\u2019investissement \u00bb, a-t-il constat\u00e9.<br \/>Pour ce qui est des difficult\u00e9s ayant trait aux co\u00fbt des facteurs de production, Ouerghi a indiqu\u00e9 qu\u2019une importante proportion des chefs d\u2019entreprises, estime que le transport a\u00e9rien (60%), le transport maritime (57%) et l\u2019\u00e9nergie (51%) constituent \u00ab les facteurs qui sont \u00e0 l\u2019origine de l\u2019\u00e9rosion de la comp\u00e9titivit\u00e9 \u00bb.<br \/>Toutefois, une majorit\u00e9 \u00e9crasante des dirigeants d\u2019entreprises ont exprim\u00e9 leur satisfaction des services des r\u00e9seaux t\u00e9l\u00e9phonique, \u00e9lectrique et de l\u2019eau, ainsi que de celui de l\u2019assainissement.<br \/>De son c\u00f4t\u00e9, Pascal Allard, vice-pr\u00e9sident des Conseillers du Commerce ext\u00e9rieur de la France (CCEF), a assur\u00e9 que les soci\u00e9t\u00e9s fran\u00e7aises continuent de croire en la Tunisie, surtout avec le regain de stabilit\u00e9 s\u00e9curitaire, dans le pays.<br \/>Partant, il a fait \u00e9tat de la hausse des investissements des soci\u00e9t\u00e9s fran\u00e7aises implant\u00e9es en Tunisie de 16,6%, \u00e0 fin juin 2019, par rapport \u00e0 juin 2018, pour se situer au niveau de 1251 millions de dinars.<br \/>A noter que le Barom\u00e8tre de la conjoncture \u00e9conomique de la CTFCI 2019 a \u00e9t\u00e9 r\u00e9alis\u00e9, du 14 octobre au 5 novembre 2019, aupr\u00e8s d\u2019un \u00e9chantillon de 155 dirigeants adh\u00e9rents \u00e0 la Chambre, sur un total de 1400 entreprises.<\/p>\n<p class=\"dpsp-share-text\">Partager c&rsquo;est aimer!<\/p>\n<div class=\"wp-post-author-wrap wp-post-author-shortcode left\">\n<h3 class=\"awpa-title\"\/>\n<div class=\"wp-post-author\">\n<div class=\"awpa-img awpa-author-block square\"><a href=\"http:\/\/lexpertjournal.net\/fr\/author\/expert\/\"><img loading=\"lazy\" decoding=\"async\" alt=\"\" src=\"http:\/\/0.gravatar.com\/avatar\/c828f0b17d24309f0d01a4eac3747085?s=150&#038;d=mm&#038;r=g\" srcset=\"http:\/\/0.gravatar.com\/avatar\/c828f0b17d24309f0d01a4eac3747085?s=300&#038;d=mm&#038;r=g 2x\" class=\"avatar avatar-150 photo\" height=\"150\" width=\"150\"\/><\/a><\/div>\n<\/div>\n<\/div>\n<p>Auteur: L&rsquo;expert<br \/>\n<a href=\"http:\/\/lexpertjournal.net\/fr\/2020\/01\/08\/economie-487-des-entreprises-tuniso-francaises-ont-ameliore-leur-ca\/\">Cliquez ici pour lire l&rsquo;article depuis sa source.<\/a><\/p>\n","protected":false},"excerpt":{"rendered":"<p>48,7% des entreprises tuniso-fran\u00e7aises, install\u00e9es en Tunisie, ont am\u00e9lior\u00e9 leur chiffre d\u2019affaires et 51,9% ont entrepris de nouveaux investissements en 2019, a indiqu\u00e9 Foued Lakhoua, pr\u00e9sident de la Chambre Tuniso-Fran\u00e7aise de Commerce et d\u2019Industrie, mercredi, \u00e0 Tunis, lors d\u2019une conf\u00e9rence de presse consacr\u00e9e \u00e0 la pr\u00e9sentation des r\u00e9sultats du Barom\u00e8tre de la conjoncture \u00e9conomique de [&hellip;]<\/p>\n","protected":false},"author":1775,"featured_media":0,"comment_status":"closed","ping_status":"closed","sticky":false,"template":"","format":"standard","meta":{"fifu_image_url":"","fifu_image_alt":"","footnotes":""},"categories":[78,55],"tags":[],"class_list":["post-72431","post","type-post","status-publish","format-standard","hentry","category-economie","category-tunisie"],"_links":{"self":[{"href":"https:\/\/linitiative.ca\/International\/wp-json\/wp\/v2\/posts\/72431","targetHints":{"allow":["GET"]}}],"collection":[{"href":"https:\/\/linitiative.ca\/International\/wp-json\/wp\/v2\/posts"}],"about":[{"href":"https:\/\/linitiative.ca\/International\/wp-json\/wp\/v2\/types\/post"}],"author":[{"embeddable":true,"href":"https:\/\/linitiative.ca\/International\/wp-json\/wp\/v2\/users\/1775"}],"replies":[{"embeddable":true,"href":"https:\/\/linitiative.ca\/International\/wp-json\/wp\/v2\/comments?post=72431"}],"version-history":[{"count":0,"href":"https:\/\/linitiative.ca\/International\/wp-json\/wp\/v2\/posts\/72431\/revisions"}],"wp:attachment":[{"href":"https:\/\/linitiative.ca\/International\/wp-json\/wp\/v2\/media?parent=72431"}],"wp:term":[{"taxonomy":"category","embeddable":true,"href":"https:\/\/linitiative.ca\/International\/wp-json\/wp\/v2\/categories?post=72431"},{"taxonomy":"post_tag","embeddable":true,"href":"https:\/\/linitiative.ca\/International\/wp-json\/wp\/v2\/tags?post=72431"}],"curies":[{"name":"wp","href":"https:\/\/api.w.org\/{rel}","templated":true}]}}