{"id":72432,"date":"2020-01-08T07:38:26","date_gmt":"2020-01-08T12:38:26","guid":{"rendered":"https:\/\/linitiative.ca\/International\/reunion-du-conseil-de-securite-nationale-la-situation-en-libye-est-susceptible-de-connaitre-une-escalade-selon-kais-saied\/"},"modified":"2020-01-08T07:38:26","modified_gmt":"2020-01-08T12:38:26","slug":"reunion-du-conseil-de-securite-nationale-la-situation-en-libye-est-susceptible-de-connaitre-une-escalade-selon-kais-saied","status":"publish","type":"post","link":"https:\/\/linitiative.ca\/International\/reunion-du-conseil-de-securite-nationale-la-situation-en-libye-est-susceptible-de-connaitre-une-escalade-selon-kais-saied\/","title":{"rendered":"R\u00e9union du Conseil de s\u00e9curit\u00e9 nationale\u00a0: La situation en Libye est susceptible de conna\u00eetre une escalade, selon Ka\u00efs Sa\u00efed"},"content":{"rendered":"<p>Le chef de l\u2019Etat, Ka\u00efs Sa\u00efed, a indiqu\u00e9 lors de la r\u00e9union mardi soir au Palais de Carthage du Conseil de s\u00e9curit\u00e9 nationale, que \u00ab tout indique que la situation en Libye est susceptible de connaitre davantage de complexit\u00e9 \u00bb, soulignant la n\u00e9cessit\u00e9 que les pr\u00e9paratifs nationaux pour ces d\u00e9veloppements possibles soient \u00ab \u00e0 la hauteur de l\u2019\u00e9tape \u00bb.<br \/>Sa\u00efed a \u00e9mis l\u2019espoir lors de la r\u00e9union du conseil consacr\u00e9e \u00e0 l\u2019\u00e9tude de plusieurs questions, dont la situation dans le sud de la Tunisie et \u00e0 la fronti\u00e8re orientale, que la crise ne d\u00e9g\u00e9n\u00e9rait pas en combats \u00e0 l\u2019int\u00e9rieur de la Libye, mais a soulign\u00e9 que tout indique que \u00ab la situation risque de conna\u00eetre des complications, en particulier \u00e0 la lumi\u00e8re de l\u2019ing\u00e9rence \u00e9trang\u00e8re \u00bb.<br \/>Apr\u00e8s avoir rappel\u00e9 les efforts pour r\u00e9soudre le probl\u00e8me libyen de mani\u00e8re pacifique, le pr\u00e9sident de la R\u00e9publique a soulign\u00e9 que l\u2019\u00e9volution de la \u00ab situation n\u2019est pas au niveau des efforts d\u00e9ploy\u00e9s, que ce soit dans le cadre des Nations Unies, ou par l\u2019entremise de certaines capitales occidentales ou arabes, dont la Tunisie \u00bb.<br \/>Dans son intervention, diffus\u00e9e sur le site officiel de la Pr\u00e9sidence de la R\u00e9publique sur les r\u00e9seaux sociaux, Sa\u00efed a \u00e9voqu\u00e9 la possibilit\u00e9 d\u2019un afflux de r\u00e9fugi\u00e9s, que ce soit des fr\u00e8res libyens ou d\u2019autres pays dont les citoyens r\u00e9sident en Libye comme cela s\u2019est produit en 2011.<br \/>Le chef de l\u2019Etat a soulign\u00e9 \u00e0 cet \u00e9gard la n\u00e9cessit\u00e9 de \u00ab bien se pr\u00e9parer \u00e0 tous ces d\u00e9veloppements, qui sont non seulement li\u00e9s \u00e0 la s\u00e9curit\u00e9 et \u00e0 la possibilit\u00e9 qu\u2019un certain nombre de terroristes infiltrent la population r\u00e9fugi\u00e9e en Tunisie, mais aussi \u00e0 le rapatriement d\u2019un certain nombre d\u2019\u00e9trangers, qui pourraient se r\u00e9fugier sur le sol tunisien, comme cela s\u2019est produit en 2011 \u00bb.<br \/>Il a d\u2019autre part mis l\u2019accent sur la n\u00e9cessit\u00e9 que d\u2019autres protagonistes, en particulier des pays ou des organisations externes, \u00ab soient au niveau des d\u00e9veloppements de cette phase susceptible de conna\u00eetre une escalade \u00bb, annon\u00e7ant \u00e0 cet \u00e9gard qu\u2019un certain nombre de pr\u00e9cautions ont \u00e9t\u00e9 prises.<br \/>Il a toutefois affirm\u00e9, \u00e0 ce propos, la n\u00e9cessit\u00e9 de sensibiliser un certain nombre de pays \u00e0 jouer leur r\u00f4le, \u00ab \u00e9tant donn\u00e9 qu\u2019ils sont directement concern\u00e9s par la possibilit\u00e9 d\u2019une d\u00e9t\u00e9rioration de la situation, en particulier en ce qui concerne les migrants en situation irr\u00e9guli\u00e8re \u00bb.<br \/>Le pr\u00e9sident de la R\u00e9publique a fait remarquer que l\u2019approche qui sera envisag\u00e9e pour faire face aux d\u00e9veloppements sur la sc\u00e8ne libyenne, \u00ab ne sera pas tunisienne, mais il est n\u00e9cessaire d\u2019impliquer un certain nombre d\u2019autres organisations et capitales qui seront concern\u00e9es, que ce soit par la possibilit\u00e9 d\u2019un afflux de r\u00e9fugi\u00e9s, ou par l\u2019\u00e9ventualit\u00e9 qu\u2019un certain nombre de terroristes s\u2019infiltrent en Tunisie ou \u00e0 partir de La Tunisie \u00e0 ces pays \u00bb.<br \/>Le chef de l\u2019Etat a soulign\u00e9 par ailleurs l\u2019importance de coordonner les actions au niveau r\u00e9gional \u00ab afin que certains obstacles ne se produisent pas ou qu\u2019un certain nombre de probl\u00e8mes qui n\u2019ont pas \u00e9t\u00e9 pris en compte n\u2019apparaissent pas entre-temps \u00bb, indiquant que les pr\u00e9cautions de s\u00e9curit\u00e9 et militaires n\u00e9cessaires ont \u00e9t\u00e9 prises pour s\u00e9curiser l\u2019espace a\u00e9rien et les c\u00f4tes tunisiennes, et pour sauvegarder la souverainet\u00e9 du pays \u00bb.<\/p>\n<p class=\"dpsp-share-text\">Partager c&rsquo;est aimer!<\/p>\n<div class=\"wp-post-author-wrap wp-post-author-shortcode left\">\n<h3 class=\"awpa-title\"\/>\n<div class=\"wp-post-author\">\n<div class=\"awpa-img awpa-author-block square\"><a href=\"http:\/\/lexpertjournal.net\/fr\/author\/expert\/\"><img loading=\"lazy\" decoding=\"async\" alt=\"\" src=\"http:\/\/0.gravatar.com\/avatar\/c828f0b17d24309f0d01a4eac3747085?s=150&#038;d=mm&#038;r=g\" srcset=\"http:\/\/0.gravatar.com\/avatar\/c828f0b17d24309f0d01a4eac3747085?s=300&#038;d=mm&#038;r=g 2x\" class=\"avatar avatar-150 photo\" height=\"150\" width=\"150\"\/><\/a><\/div>\n<\/div>\n<\/div>\n<p>Auteur: L&rsquo;expert<br \/>\n<a href=\"http:\/\/lexpertjournal.net\/fr\/2020\/01\/08\/reunion-du-conseil-de-securite-nationale-la-situation-en-libye-est-susceptible-de-connaitre-une-escalade-selon-kais-saied\/\">Cliquez ici pour lire l&rsquo;article depuis sa source.<\/a><\/p>\n","protected":false},"excerpt":{"rendered":"<p>Le chef de l\u2019Etat, Ka\u00efs Sa\u00efed, a indiqu\u00e9 lors de la r\u00e9union mardi soir au Palais de Carthage du Conseil de s\u00e9curit\u00e9 nationale, que \u00ab tout indique que la situation en Libye est susceptible de connaitre davantage de complexit\u00e9 \u00bb, soulignant la n\u00e9cessit\u00e9 que les pr\u00e9paratifs nationaux pour ces d\u00e9veloppements possibles soient \u00ab \u00e0 la [&hellip;]<\/p>\n","protected":false},"author":1775,"featured_media":0,"comment_status":"closed","ping_status":"closed","sticky":false,"template":"","format":"standard","meta":{"fifu_image_url":"","fifu_image_alt":"","footnotes":""},"categories":[78,55],"tags":[],"class_list":["post-72432","post","type-post","status-publish","format-standard","hentry","category-economie","category-tunisie"],"_links":{"self":[{"href":"https:\/\/linitiative.ca\/International\/wp-json\/wp\/v2\/posts\/72432","targetHints":{"allow":["GET"]}}],"collection":[{"href":"https:\/\/linitiative.ca\/International\/wp-json\/wp\/v2\/posts"}],"about":[{"href":"https:\/\/linitiative.ca\/International\/wp-json\/wp\/v2\/types\/post"}],"author":[{"embeddable":true,"href":"https:\/\/linitiative.ca\/International\/wp-json\/wp\/v2\/users\/1775"}],"replies":[{"embeddable":true,"href":"https:\/\/linitiative.ca\/International\/wp-json\/wp\/v2\/comments?post=72432"}],"version-history":[{"count":0,"href":"https:\/\/linitiative.ca\/International\/wp-json\/wp\/v2\/posts\/72432\/revisions"}],"wp:attachment":[{"href":"https:\/\/linitiative.ca\/International\/wp-json\/wp\/v2\/media?parent=72432"}],"wp:term":[{"taxonomy":"category","embeddable":true,"href":"https:\/\/linitiative.ca\/International\/wp-json\/wp\/v2\/categories?post=72432"},{"taxonomy":"post_tag","embeddable":true,"href":"https:\/\/linitiative.ca\/International\/wp-json\/wp\/v2\/tags?post=72432"}],"curies":[{"name":"wp","href":"https:\/\/api.w.org\/{rel}","templated":true}]}}