{"id":72435,"date":"2020-01-08T13:04:02","date_gmt":"2020-01-08T18:04:02","guid":{"rendered":"https:\/\/linitiative.ca\/International\/participation-de-sept-films-au-festival-national-du-court-metrage-universitaire-a-oran\/"},"modified":"2020-01-08T13:04:02","modified_gmt":"2020-01-08T18:04:02","slug":"participation-de-sept-films-au-festival-national-du-court-metrage-universitaire-a-oran","status":"publish","type":"post","link":"https:\/\/linitiative.ca\/International\/participation-de-sept-films-au-festival-national-du-court-metrage-universitaire-a-oran\/","title":{"rendered":"Participation de sept films au festival national du court m\u00e9trage universitaire \u00e0 Oran"},"content":{"rendered":"<div readability=\"35\">\n<p><strong>ORAN &#8211; La deuxi\u00e8me \u00e9dition du festival national du court m\u00e9trage universitaire s&rsquo;est ouverte mardi soir \u00e0 Oran, avec la participation de sept (7) films d&rsquo;\u00e9tudiants de plusieurs universit\u00e9s du pays.<\/strong><\/p>\n<\/div>\n<div readability=\"85.0395505618\">\n<p>Lors de la c\u00e9r\u00e9monie d&rsquo;ouverture de la manifestation cin\u00e9matographique, organis\u00e9e sous le slogan : \u00ab\u00a0Les \u00e9tudiants entre ambition et cr\u00e9ativit\u00e9\u00a0\u00bb, qui s&rsquo;est d\u00e9roul\u00e9e \u00e0 la Facult\u00e9 de droit et sciences politiques de l&rsquo;universit\u00e9 d&rsquo;Oran 2 \u00ab\u00a0Mohamed Benahmed\u00a0\u00bb, le commissaire du festival, Alik Mohamed a indiqu\u00e9, dans son allocution, que les films qualifi\u00e9s pour le concours final du festival ont \u00e9t\u00e9 s\u00e9lectionn\u00e9s sur 21 lors de la phase qualificative.<\/p>\n<blockquote readability=\"10\">\n<p><em><strong>L&rsquo;ouverture du festival, organis\u00e9 par le club scientifique culturel \u00ab\u00a0Es-salem\u00a0\u00bb de l&rsquo;universit\u00e9 d&rsquo;Oran 2, a eu lieu en pr\u00e9sence de figures cin\u00e9matographiques et th\u00e9\u00e2trales de la ville d&rsquo;Oran, d&rsquo;universitaires et de repr\u00e9sentants d&rsquo;associations culturelles.<\/strong><\/em><\/p>\n<\/blockquote>\n<p>Un spot publicitaire des films participants et une vid\u00e9o sur Oran ont \u00e9t\u00e9 projet\u00e9s, mettant en exergue l&rsquo;\u00e9volution urbanistique qu&rsquo;a connu la ville, les vestiges historiques qu&rsquo;elle rec\u00e8le, les \u00e9tablissements culturels et les universit\u00e9s dont elle dispose.<\/p>\n<hr\/>\n<p><strong>Lire aussi:<\/strong>\u00a0<a href=\"http:\/\/www.aps.dz\/culture\/96902-bechar-journees-du-court-metrage-appel-a-la-creation-d-un-festival-du-court-metrage\">Journ\u00e9es du court-m\u00e9trage: appel \u00e0 la cr\u00e9ation d\u2019un festival du court-m\u00e9trage \u00a0<\/a><\/p>\n<hr\/>\n<p>Les courts m\u00e9trages en lice pour le prix de ce festival de deux jours sont \u00ab\u00a0El Alem\u00a0\u00bb (Douleur), \u00ab\u00a0Es-sabr\u00a0\u00bb (Patience), \u00ab\u00a0Souraat el badiha\u00a0\u00bb (vitesse d&rsquo;intuition), \u00ab\u00a0Sadikati Soumia\u00a0\u00bb (M&rsquo;on ami Soumia), \u00ab\u00a0Mouaswes\u00a0\u00bb, \u00ab\u00a0Tennesse\u00a0\u00bb et \u00ab\u00a0Stop\u00a0\u00bb, produits, r\u00e9alis\u00e9s et photographi\u00e9s par des \u00e9tudiants des universit\u00e9s d&rsquo;Oran, de Sidi Be-Abbes, de Mascara, de Saida et de Bouira.<\/p>\n<blockquote readability=\"13\">\n<p><em><strong>Ces films, d&rsquo;une dur\u00e9e ne d\u00e9passant pas 15 minutes, abordent divers sujets dont les probl\u00e8mes conjugaux, le ch\u00f4mage, la vie universitaire et la d\u00e9linquance. Ils seront \u00e9valu\u00e9s par un jury compos\u00e9 de la com\u00e9dienne et cin\u00e9aste Fadhila Hachmaoui et du metteur en sc\u00e8ne Mohamed Mihoubi, qui annoncera demain les films couronn\u00e9s des trois prix du festival.<\/strong><\/em><\/p>\n<\/blockquote>\n<p>Au cours de cette \u00e9dition \u00e9galement, l&rsquo;artiste Mohamed Hazim, dont le nom est associ\u00e9 au groupe Bila Houdoud, sera honor\u00e9.<\/p>\n<p>Le festival se poursuivra mercredi \u00e0 la deuxi\u00e8me et derni\u00e8re journ\u00e9e au niveau du th\u00e9\u00e2tre r\u00e9gional d&rsquo;Oran \u00ab\u00a0Abdelkader Alloula\u00a0\u00bb, o\u00f9 le public suivra une soir\u00e9e, des sketches, des spectacles d&rsquo;humour et des jeux de magie, ainsi que la remise de prix aux laur\u00e9ats.<\/p>\n<\/div>\n<p>Auteur:<br \/>\n<a href=\"http:\/\/www.aps.dz\/culture\/99848-participation-de-sept-films-au-festival-national-du-court-metrage-universitaire\">Cliquez ici pour lire l&rsquo;article depuis sa source.<\/a><\/p>\n","protected":false},"excerpt":{"rendered":"<p>ORAN &#8211; La deuxi\u00e8me \u00e9dition du festival national du court m\u00e9trage universitaire s&rsquo;est ouverte mardi soir \u00e0 Oran, avec la participation de sept (7) films d&rsquo;\u00e9tudiants de plusieurs universit\u00e9s du pays. Lors de la c\u00e9r\u00e9monie d&rsquo;ouverture de la manifestation cin\u00e9matographique, organis\u00e9e sous le slogan : \u00ab\u00a0Les \u00e9tudiants entre ambition et cr\u00e9ativit\u00e9\u00a0\u00bb, qui s&rsquo;est d\u00e9roul\u00e9e \u00e0 [&hellip;]<\/p>\n","protected":false},"author":1790,"featured_media":0,"comment_status":"closed","ping_status":"closed","sticky":false,"template":"","format":"standard","meta":{"fifu_image_url":"","fifu_image_alt":"","footnotes":""},"categories":[53,79],"tags":[],"class_list":["post-72435","post","type-post","status-publish","format-standard","hentry","category-algerie","category-culture"],"_links":{"self":[{"href":"https:\/\/linitiative.ca\/International\/wp-json\/wp\/v2\/posts\/72435","targetHints":{"allow":["GET"]}}],"collection":[{"href":"https:\/\/linitiative.ca\/International\/wp-json\/wp\/v2\/posts"}],"about":[{"href":"https:\/\/linitiative.ca\/International\/wp-json\/wp\/v2\/types\/post"}],"author":[{"embeddable":true,"href":"https:\/\/linitiative.ca\/International\/wp-json\/wp\/v2\/users\/1790"}],"replies":[{"embeddable":true,"href":"https:\/\/linitiative.ca\/International\/wp-json\/wp\/v2\/comments?post=72435"}],"version-history":[{"count":0,"href":"https:\/\/linitiative.ca\/International\/wp-json\/wp\/v2\/posts\/72435\/revisions"}],"wp:attachment":[{"href":"https:\/\/linitiative.ca\/International\/wp-json\/wp\/v2\/media?parent=72435"}],"wp:term":[{"taxonomy":"category","embeddable":true,"href":"https:\/\/linitiative.ca\/International\/wp-json\/wp\/v2\/categories?post=72435"},{"taxonomy":"post_tag","embeddable":true,"href":"https:\/\/linitiative.ca\/International\/wp-json\/wp\/v2\/tags?post=72435"}],"curies":[{"name":"wp","href":"https:\/\/api.w.org\/{rel}","templated":true}]}}