{"id":72436,"date":"2020-01-07T15:23:55","date_gmt":"2020-01-07T20:23:55","guid":{"rendered":"https:\/\/linitiative.ca\/International\/communique-du-cabinet-royal\/"},"modified":"2020-01-07T15:23:55","modified_gmt":"2020-01-07T20:23:55","slug":"communique-du-cabinet-royal","status":"publish","type":"post","link":"https:\/\/linitiative.ca\/International\/communique-du-cabinet-royal\/","title":{"rendered":"Communiqu\u00e9 du Cabinet Royal"},"content":{"rendered":"<div readability=\"32\">\n<p>Marrakech \u2013 Voici un communiqu\u00e9 du Cabinet royal :<\/p>\n<\/div>\n<div readability=\"99\">\n<p>\u00ab\u00a0Sa Majest\u00e9 le Roi Mohammed VI, que Dieu L\u2019assiste, a pr\u00e9sid\u00e9, ce mardi au Palais Royal de Marrakech, une s\u00e9ance de travail consacr\u00e9e au Programme prioritaire national d\u2019approvisionnement en eau potable et d\u2019irrigation 2020\u20132027.<\/p>\n<p>Cette s\u00e9ance s\u2019inscrit dans le cadre des r\u00e9unions que Sa Majest\u00e9 le Roi, que Dieu Le pr\u00e9serve, avait pr\u00e9sid\u00e9es dans le but d\u2019\u00e9laborer un projet int\u00e9gr\u00e9 de ce Programme, qui couvre l\u2019ensemble des r\u00e9gions du Royaume.<\/p>\n<p>Lors de cette s\u00e9ance, le ministre de l\u2019\u00c9quipement, du Transport, de la Logistique et de l\u2019Eau, le ministre de l\u2019Agriculture, de la P\u00eache maritime, du D\u00e9veloppement rural et des Eaux et For\u00eats, et le ministre de l\u2019Int\u00e9rieur, ont pr\u00e9sent\u00e9 des expos\u00e9s devant Sa Majest\u00e9 le Roi portant sur les diff\u00e9rents aspects de ce Programme et particuli\u00e8rement en ce qui concerne les axes suivants :<\/p>\n<p>\u2013 L\u2019am\u00e9lioration de l\u2019offre hydrique notamment par la construction des barrages ;<\/p>\n<p>\u2013 La gestion de la demande et la valorisation de l\u2019eau notamment dans le secteur agricole ;<\/p>\n<p>\u2013 Le renforcement de l\u2019approvisionnement en eau potable en milieu rurale ;<\/p>\n<p>\u2013 La r\u00e9utilisation des eaux us\u00e9es trait\u00e9es dans l\u2019irrigation des espaces verts ;<\/p>\n<p>\u2013 La Communication et la sensibilisation en vue de renforcer la conscience li\u00e9e \u00e0 l\u2019importance de la pr\u00e9servation des ressources en eau et la rationalisation de son utilisation ;<\/p>\n<p>Sa Majest\u00e9 le Roi, que Dieu L\u2019assiste, a bien voulu donner ses hautes Instructions pour la mise en \u0153uvre de ce Programme, dont le co\u00fbt global atteindra 115 milliards de dirhams.<\/p>\n<p>Cette s\u00e9ance de travail s\u2019est d\u00e9roul\u00e9e en pr\u00e9sence du Chef du gouvernement, M. Sa\u00e2d Dine El Otmani, du ministre de l\u2019Int\u00e9rieur, M. Abdelouafi Laftit, du ministre de l\u2019Economie, des Finances et de la R\u00e9forme de l\u2019administration, M. Mohamed Benchaaboun, du ministre de l\u2019Agriculture, de la P\u00eache maritime, du D\u00e9veloppement rural et des Eaux et For\u00eats, M. Aziz Akhannouch, du ministre de l\u2019\u00c9quipement, du Transport, de la Logistique et de l\u2019Eau, M. Abdelkader Amara, du ministre de l\u2019\u00c9nergie, des mines et de l\u2019environnement, M. Aziz Rabbah, et du directeur de l\u2019Office national de l\u2019\u00e9lectricit\u00e9 et de l\u2019eau potable, M. Abderrahim El Hafidi \u00ab\u00a0.<\/p>\n<\/div>\n<p>Auteur: Meriem IGASS<br \/>\n<a href=\"http:\/\/www.mapmarrakech.ma\/fr\/roi\/\">Cliquez ici pour lire l&rsquo;article depuis sa source.<\/a><\/p>\n","protected":false},"excerpt":{"rendered":"<p>Marrakech \u2013 Voici un communiqu\u00e9 du Cabinet royal : \u00ab\u00a0Sa Majest\u00e9 le Roi Mohammed VI, que Dieu L\u2019assiste, a pr\u00e9sid\u00e9, ce mardi au Palais Royal de Marrakech, une s\u00e9ance de travail consacr\u00e9e au Programme prioritaire national d\u2019approvisionnement en eau potable et d\u2019irrigation 2020\u20132027. Cette s\u00e9ance s\u2019inscrit dans le cadre des r\u00e9unions que Sa Majest\u00e9 le [&hellip;]<\/p>\n","protected":false},"author":1788,"featured_media":0,"comment_status":"closed","ping_status":"closed","sticky":false,"template":"","format":"standard","meta":{"fifu_image_url":"","fifu_image_alt":"","footnotes":""},"categories":[54,76],"tags":[],"class_list":["post-72436","post","type-post","status-publish","format-standard","hentry","category-maroc","category-regions"],"_links":{"self":[{"href":"https:\/\/linitiative.ca\/International\/wp-json\/wp\/v2\/posts\/72436","targetHints":{"allow":["GET"]}}],"collection":[{"href":"https:\/\/linitiative.ca\/International\/wp-json\/wp\/v2\/posts"}],"about":[{"href":"https:\/\/linitiative.ca\/International\/wp-json\/wp\/v2\/types\/post"}],"author":[{"embeddable":true,"href":"https:\/\/linitiative.ca\/International\/wp-json\/wp\/v2\/users\/1788"}],"replies":[{"embeddable":true,"href":"https:\/\/linitiative.ca\/International\/wp-json\/wp\/v2\/comments?post=72436"}],"version-history":[{"count":0,"href":"https:\/\/linitiative.ca\/International\/wp-json\/wp\/v2\/posts\/72436\/revisions"}],"wp:attachment":[{"href":"https:\/\/linitiative.ca\/International\/wp-json\/wp\/v2\/media?parent=72436"}],"wp:term":[{"taxonomy":"category","embeddable":true,"href":"https:\/\/linitiative.ca\/International\/wp-json\/wp\/v2\/categories?post=72436"},{"taxonomy":"post_tag","embeddable":true,"href":"https:\/\/linitiative.ca\/International\/wp-json\/wp\/v2\/tags?post=72436"}],"curies":[{"name":"wp","href":"https:\/\/api.w.org\/{rel}","templated":true}]}}