{"id":72437,"date":"2020-01-07T16:19:37","date_gmt":"2020-01-07T21:19:37","guid":{"rendered":"https:\/\/linitiative.ca\/International\/le-congres-une-occasion-dechange-pour-la-promotion-de-lecole\/"},"modified":"2020-01-07T16:19:37","modified_gmt":"2020-01-07T21:19:37","slug":"le-congres-une-occasion-dechange-pour-la-promotion-de-lecole","status":"publish","type":"post","link":"https:\/\/linitiative.ca\/International\/le-congres-une-occasion-dechange-pour-la-promotion-de-lecole\/","title":{"rendered":"Le congr\u00e8s, une occasion d\u2019\u00e9change pour la promotion de l\u2019\u00e9cole"},"content":{"rendered":"<div readability=\"41\">\n<p>Marrakech \u2013 Le 33\u00e8 congr\u00e8s international sur l\u2019efficacit\u00e9 et l\u2019am\u00e9lioration de l\u2019\u00e9cole, qui a ouvert mardi ses travaux \u00e0 Marrakech, se veut une occasion pour montrer \u00ab\u00a0le bien-fond\u00e9\u00a0\u00bb du chantier de r\u00e9formes engag\u00e9es par le Maroc en la mati\u00e8re, a soulign\u00e9 le ministre de l\u2019Education nationale, de la Formation professionnelle, de l\u2019Enseignement sup\u00e9rieur et de la Recherche scientifique, M. Saa\u00efd Amzazi.<\/p>\n<\/div>\n<div readability=\"151\">\n<p>Plac\u00e9 Sous le Haut Patronage de Sa Majest\u00e9 le Roi Mohammed VI, ce congr\u00e8s offre \u00ab\u00a0une occasion en or pour nous, de montrer le bien-fond\u00e9 de ce chantier de r\u00e9formes que nous menons, parce que nous croyons \u00e0 une \u00e9cole de qualit\u00e9, d\u2019\u00e9quit\u00e9 et de promotion de l\u2019individu et de la soci\u00e9t\u00e9\u00a0\u00bb, a d\u00e9clar\u00e9 \u00e0 la MAP, M. Amzazi \u00e0 l\u2019issue de la s\u00e9ance d\u2019ouverture de ce Conclave de grande envergure, initi\u00e9 par le minist\u00e8re de l\u2019Education Nationale, de la Formation Professionnelle, de l\u2019Enseignement Sup\u00e9rieur et de la Recherche Scientifique et le Centre Marocain d\u2019Education Civique, en coordination avec \u00ab\u00a0le Congr\u00e8s International pour l\u2019Efficacit\u00e9 et l\u2019Am\u00e9lioration de l\u2019Ecole\u00a0\u00bb (ICSEI).<\/p>\n<p>Et de poursuivre que ce grand \u00e9v\u00e9nement offre \u00e9galement l\u2019opportunit\u00e9 d\u2019\u00e9changer sur des exp\u00e9riences du Nord et du Sud pour la promotion de l\u2019\u00e9cole, relevant que le Maroc s\u2019est engag\u00e9 dans un vaste chantier de r\u00e9formes, qui concernent les enfants de 4 ans jusqu\u2019aux \u00e9tudiants de 27 ans.<\/p>\n<p>Il s\u2019agit d\u2019un chantier de r\u00e9formes qui requiert de v\u00e9ritables orientations et un encadrement, a-t-il estim\u00e9, notant qu&rsquo;\u00a0\u00bbaujourd\u2019hui, la communaut\u00e9 \u00e9ducative internationale est tout \u00e0 fait volontaire pour apporter son soutien et son expertise et accompagner le Maroc dans son chantier\u00a0\u00bb.<\/p>\n<p>Et le ministre de faire observer que la participation qualitative \u00e0 ce Conclave de plus de 1.000 experts venus de 73 pays \u00ab\u00a0d\u00e9note de la cr\u00e9dibilit\u00e9 et du leadership du Maroc en mati\u00e8re d\u2019\u00e9ducation et de formation\u00a0\u00bb.<\/p>\n<p>\u00ab\u00a0Aujourd\u2019hui toutes les organisations internationales s\u2019int\u00e9ressent \u00e0 cette r\u00e9forme \u00e9ducative marocaine et nous suit de tr\u00e8s pr\u00e8s\u00a0\u00bb, a-t-il soutenu.<\/p>\n<p>Les quatre jours de Congr\u00e8s seront l\u2019occasion pour des d\u00e9bats intenses, de partage et d\u2019\u00e9change afin d\u2019aboutir \u00e0 des recommandations \u00e0 m\u00eame de constituer \u00ab\u00a0une feuille de route et de nouvelles orientations, voire, un plan d\u2019action qui mettra en exergue les points forts de notre chantier de r\u00e9formes, mais \u00e9galement des ajustements quant \u00e0 un certain nombre de mesures qu\u2019on aura prises\u00a0\u00bb, a-t-il conclu.<\/p>\n<p>Pour leur part, MM. Elarbi Imad et Mohammed Elmeski, co-pr\u00e9sidents du Centre Marocain d\u2019Education Civique, ont mis en avant l\u2019importance et la valeur scientifique de ce Congr\u00e8s international, tout en se f\u00e9licitant de l\u2019organisation de cette manifestation pour la premi\u00e8re fois dans un pays arabe et africain.<\/p>\n<p>Ce Congr\u00e8s se veut un espace propice pour le d\u00e9bat et l\u2019\u00e9change des pratiques p\u00e9dagogiques, des exp\u00e9riences et des expertises autour de cette question combien importante de l\u2019am\u00e9lioration de l\u2019\u00e9cole, ont-ils expliqu\u00e9.<\/p>\n<p>Ils ont relev\u00e9, aussi, que les participants \u00e0 cette 33\u00e8me \u00e9dition, dont des experts, des acad\u00e9miciens et des enseignants-chercheurs, se pencheront sur des sujets d\u2019une extr\u00eame importance, inh\u00e9rents \u00e0 l\u2019\u00e9cole et \u00e0 son am\u00e9lioration, et, partant, apporter une valeur ajout\u00e9e et un impact positif sur les pratiques \u00e9ducatives.<\/p>\n<p>De son c\u00f4t\u00e9, la pr\u00e9sidente de l\u2019ICSEI, Mme Kim Schildkamp, a exprim\u00e9 son immense joie de voir ce Congr\u00e8s international se tenir au Maroc et pour la premi\u00e8re fois dans un pays arabe et africain.<\/p>\n<p>Mme Schildkamp a saisi l\u2019occasion pour passer en revue les principales missions, \u0153uvres et actions men\u00e9es par l\u2019ICSEI en faveur de l\u2019am\u00e9lioration de l\u2019\u00e9cole, tout en donnant un large aper\u00e7u sur les objectifs et l\u2019historique du Congr\u00e8s ainsi que sur les partenariats conclus avec diff\u00e9rentes parties.<\/p>\n<p>La s\u00e9ance d\u2019ouverture de ce Conclave a \u00e9t\u00e9 marqu\u00e9e par un Message Royal adress\u00e9 par Sa Majest\u00e9 le Roi aux participants, dont lecture a \u00e9t\u00e9 donn\u00e9e par le ministre de l\u2019Education Nationale, de la Formation Professionnelle, de l\u2019Enseignement Sup\u00e9rieur et de la Recherche Scientifique, M. Saa\u00efd Amzazi.<\/p>\n<p>Ce Congr\u00e8s s\u2019inscrit dans le cadre de la mise en \u0153uvre des Hautes Directives Royales qui \u00e9rigent l\u2019\u00e9ducation en deuxi\u00e8me priorit\u00e9 nationale, ainsi que de la mise en place des dispositions de la loi-cadre 51.17 qui d\u00e9finit les caract\u00e9ristiques de l\u2019\u00e9cole marocaine, une \u00e9cole de l\u2019\u00e9quit\u00e9, de la qualit\u00e9 et de promotion de l\u2019individu et de la soci\u00e9t\u00e9, et consid\u00e8re que sa r\u00e9forme est une responsabilit\u00e9 partag\u00e9e qui d\u00e9pend des efforts concert\u00e9s de tous.<\/p>\n<p>Il se propose aussi d\u2019\u00e9tudier le r\u00f4le de l\u2019\u00e9cole dans l\u2019autonomisation des jeunes en vue de les pr\u00e9parer \u00e0 participer au d\u00e9veloppement social et \u00e9conomique de leur pays, de discuter des moyens d\u2019am\u00e9lioration des m\u00e9thodes et des approches pour assurer les meilleures performances des \u00e9tablissements scolaires, et d\u2019\u00e9changer les points de vue et les exp\u00e9riences li\u00e9s \u00e0 l\u2019int\u00e9gration des immigr\u00e9s dans les syst\u00e8mes \u00e9ducatifs ainsi que dans le tissu social.<\/p>\n<p>L\u2019organisation de cette Rencontre au Maroc rev\u00eat une grande importance, vu qu\u2019elle permettra notamment de pr\u00e9senter la strat\u00e9gie du Royaume pour r\u00e9former son syst\u00e8me \u00e9ducatif et d\u2019en discuter avec des experts de renomm\u00e9e internationale.<\/p>\n<\/div>\n<p>Auteur: Meriem IGASS<br \/>\n<a href=\"http:\/\/www.mapmarrakech.ma\/fr\/ecole\/\">Cliquez ici pour lire l&rsquo;article depuis sa source.<\/a><\/p>\n","protected":false},"excerpt":{"rendered":"<p>Marrakech \u2013 Le 33\u00e8 congr\u00e8s international sur l\u2019efficacit\u00e9 et l\u2019am\u00e9lioration de l\u2019\u00e9cole, qui a ouvert mardi ses travaux \u00e0 Marrakech, se veut une occasion pour montrer \u00ab\u00a0le bien-fond\u00e9\u00a0\u00bb du chantier de r\u00e9formes engag\u00e9es par le Maroc en la mati\u00e8re, a soulign\u00e9 le ministre de l\u2019Education nationale, de la Formation professionnelle, de l\u2019Enseignement sup\u00e9rieur et de [&hellip;]<\/p>\n","protected":false},"author":1788,"featured_media":0,"comment_status":"closed","ping_status":"closed","sticky":false,"template":"","format":"standard","meta":{"fifu_image_url":"","fifu_image_alt":"","footnotes":""},"categories":[54,76],"tags":[],"class_list":["post-72437","post","type-post","status-publish","format-standard","hentry","category-maroc","category-regions"],"_links":{"self":[{"href":"https:\/\/linitiative.ca\/International\/wp-json\/wp\/v2\/posts\/72437","targetHints":{"allow":["GET"]}}],"collection":[{"href":"https:\/\/linitiative.ca\/International\/wp-json\/wp\/v2\/posts"}],"about":[{"href":"https:\/\/linitiative.ca\/International\/wp-json\/wp\/v2\/types\/post"}],"author":[{"embeddable":true,"href":"https:\/\/linitiative.ca\/International\/wp-json\/wp\/v2\/users\/1788"}],"replies":[{"embeddable":true,"href":"https:\/\/linitiative.ca\/International\/wp-json\/wp\/v2\/comments?post=72437"}],"version-history":[{"count":0,"href":"https:\/\/linitiative.ca\/International\/wp-json\/wp\/v2\/posts\/72437\/revisions"}],"wp:attachment":[{"href":"https:\/\/linitiative.ca\/International\/wp-json\/wp\/v2\/media?parent=72437"}],"wp:term":[{"taxonomy":"category","embeddable":true,"href":"https:\/\/linitiative.ca\/International\/wp-json\/wp\/v2\/categories?post=72437"},{"taxonomy":"post_tag","embeddable":true,"href":"https:\/\/linitiative.ca\/International\/wp-json\/wp\/v2\/tags?post=72437"}],"curies":[{"name":"wp","href":"https:\/\/api.w.org\/{rel}","templated":true}]}}