{"id":72438,"date":"2020-01-08T08:37:20","date_gmt":"2020-01-08T13:37:20","guid":{"rendered":"https:\/\/linitiative.ca\/International\/sm-le-roi-leducation-un-levier-essentiel-du-developpement-durable\/"},"modified":"2020-01-08T08:37:20","modified_gmt":"2020-01-08T13:37:20","slug":"sm-le-roi-leducation-un-levier-essentiel-du-developpement-durable","status":"publish","type":"post","link":"https:\/\/linitiative.ca\/International\/sm-le-roi-leducation-un-levier-essentiel-du-developpement-durable\/","title":{"rendered":"SM le Roi: L\u2019\u00e9ducation, un levier essentiel du d\u00e9veloppement durable"},"content":{"rendered":"<p><iframe loading=\"lazy\" width=\"1170\" height=\"658\" src=\"https:\/\/www.youtube.com\/embed\/w44ERFkSTak?feature=oembed\" frameborder=\"0\" allow=\"accelerometer; autoplay; encrypted-media; gyroscope; picture-in-picture\" allowfullscreen=\"\">[embedded content]<\/iframe><\/p>\n<div class=\"single-post-excerpt post-excerpt-bc\" readability=\"40\">\n<p>L\u2019\u00e9ducation constitue un levier essentiel du d\u00e9veloppement durable, dans ses diff\u00e9rentes composantes : sociale, \u00e9conomique, culturelle et environnementale, a soulign\u00e9 Sa Majest\u00e9 le Roi Mohammed VI, mettant l\u2019accent sur le r\u00f4le cl\u00e9 de l\u2019\u00e9ducation et l\u2019attention particuli\u00e8re que le Souverain accorde \u00e0 la promotion de ce secteur.<\/p>\n<\/div>\n<p>Auteur: Meriem IGASS<br \/>\n<a href=\"http:\/\/www.mapmarrakech.ma\/fr\/education\/\">Cliquez ici pour lire l&rsquo;article depuis sa source.<\/a><\/p>\n","protected":false},"excerpt":{"rendered":"<p>[embedded content] L\u2019\u00e9ducation constitue un levier essentiel du d\u00e9veloppement durable, dans ses diff\u00e9rentes composantes : sociale, \u00e9conomique, culturelle et environnementale, a soulign\u00e9 Sa Majest\u00e9 le Roi Mohammed VI, mettant l\u2019accent sur le r\u00f4le cl\u00e9 de l\u2019\u00e9ducation et l\u2019attention particuli\u00e8re que le Souverain accorde \u00e0 la promotion de ce secteur. Auteur: Meriem IGASS Cliquez ici pour [&hellip;]<\/p>\n","protected":false},"author":1788,"featured_media":0,"comment_status":"closed","ping_status":"closed","sticky":false,"template":"","format":"standard","meta":{"fifu_image_url":"","fifu_image_alt":"","footnotes":""},"categories":[54,76],"tags":[],"class_list":["post-72438","post","type-post","status-publish","format-standard","hentry","category-maroc","category-regions"],"_links":{"self":[{"href":"https:\/\/linitiative.ca\/International\/wp-json\/wp\/v2\/posts\/72438","targetHints":{"allow":["GET"]}}],"collection":[{"href":"https:\/\/linitiative.ca\/International\/wp-json\/wp\/v2\/posts"}],"about":[{"href":"https:\/\/linitiative.ca\/International\/wp-json\/wp\/v2\/types\/post"}],"author":[{"embeddable":true,"href":"https:\/\/linitiative.ca\/International\/wp-json\/wp\/v2\/users\/1788"}],"replies":[{"embeddable":true,"href":"https:\/\/linitiative.ca\/International\/wp-json\/wp\/v2\/comments?post=72438"}],"version-history":[{"count":0,"href":"https:\/\/linitiative.ca\/International\/wp-json\/wp\/v2\/posts\/72438\/revisions"}],"wp:attachment":[{"href":"https:\/\/linitiative.ca\/International\/wp-json\/wp\/v2\/media?parent=72438"}],"wp:term":[{"taxonomy":"category","embeddable":true,"href":"https:\/\/linitiative.ca\/International\/wp-json\/wp\/v2\/categories?post=72438"},{"taxonomy":"post_tag","embeddable":true,"href":"https:\/\/linitiative.ca\/International\/wp-json\/wp\/v2\/tags?post=72438"}],"curies":[{"name":"wp","href":"https:\/\/api.w.org\/{rel}","templated":true}]}}