{"id":72439,"date":"2020-01-08T12:26:51","date_gmt":"2020-01-08T17:26:51","guid":{"rendered":"https:\/\/linitiative.ca\/International\/poursuite-des-travaux-du-congres-international-sur-lefficacite-de-lecole\/"},"modified":"2020-01-08T12:26:51","modified_gmt":"2020-01-08T17:26:51","slug":"poursuite-des-travaux-du-congres-international-sur-lefficacite-de-lecole","status":"publish","type":"post","link":"https:\/\/linitiative.ca\/International\/poursuite-des-travaux-du-congres-international-sur-lefficacite-de-lecole\/","title":{"rendered":"Poursuite des travaux du Congr\u00e8s international sur l\u2019efficacit\u00e9 de l\u2019\u00e9cole"},"content":{"rendered":"<p><iframe loading=\"lazy\" width=\"1170\" height=\"658\" src=\"https:\/\/www.youtube.com\/embed\/QnoAWJFBfEE?feature=oembed\" frameborder=\"0\" allow=\"accelerometer; autoplay; encrypted-media; gyroscope; picture-in-picture\" allowfullscreen=\"\">[embedded content]<\/iframe><\/p>\n<div class=\"single-post-excerpt post-excerpt-bc\" readability=\"38\">\n<p>Les travaux du 33\u00e8 Congr\u00e8s international sur l\u2019efficacit\u00e9 et l\u2019am\u00e9lioration de l\u2019\u00e9cole se sont poursuivis \u00e0 Marrakech, \u00e0 l\u2019initiative du minist\u00e8re de l\u2019Education Nationale, de la Formation Professionnelle, de l\u2019Enseignement Sup\u00e9rieur et de la Recherche Scientifique et du Centre Marocain d\u2019Education Civique.<\/p>\n<\/div>\n<p>Auteur: Meriem IGASS<br \/>\n<a href=\"http:\/\/www.mapmarrakech.ma\/fr\/travaux\/\">Cliquez ici pour lire l&rsquo;article depuis sa source.<\/a><\/p>\n","protected":false},"excerpt":{"rendered":"<p>[embedded content] Les travaux du 33\u00e8 Congr\u00e8s international sur l\u2019efficacit\u00e9 et l\u2019am\u00e9lioration de l\u2019\u00e9cole se sont poursuivis \u00e0 Marrakech, \u00e0 l\u2019initiative du minist\u00e8re de l\u2019Education Nationale, de la Formation Professionnelle, de l\u2019Enseignement Sup\u00e9rieur et de la Recherche Scientifique et du Centre Marocain d\u2019Education Civique. Auteur: Meriem IGASS Cliquez ici pour lire l&rsquo;article depuis sa source.<\/p>\n","protected":false},"author":1788,"featured_media":0,"comment_status":"closed","ping_status":"closed","sticky":false,"template":"","format":"standard","meta":{"fifu_image_url":"","fifu_image_alt":"","footnotes":""},"categories":[54,76],"tags":[],"class_list":["post-72439","post","type-post","status-publish","format-standard","hentry","category-maroc","category-regions"],"_links":{"self":[{"href":"https:\/\/linitiative.ca\/International\/wp-json\/wp\/v2\/posts\/72439","targetHints":{"allow":["GET"]}}],"collection":[{"href":"https:\/\/linitiative.ca\/International\/wp-json\/wp\/v2\/posts"}],"about":[{"href":"https:\/\/linitiative.ca\/International\/wp-json\/wp\/v2\/types\/post"}],"author":[{"embeddable":true,"href":"https:\/\/linitiative.ca\/International\/wp-json\/wp\/v2\/users\/1788"}],"replies":[{"embeddable":true,"href":"https:\/\/linitiative.ca\/International\/wp-json\/wp\/v2\/comments?post=72439"}],"version-history":[{"count":0,"href":"https:\/\/linitiative.ca\/International\/wp-json\/wp\/v2\/posts\/72439\/revisions"}],"wp:attachment":[{"href":"https:\/\/linitiative.ca\/International\/wp-json\/wp\/v2\/media?parent=72439"}],"wp:term":[{"taxonomy":"category","embeddable":true,"href":"https:\/\/linitiative.ca\/International\/wp-json\/wp\/v2\/categories?post=72439"},{"taxonomy":"post_tag","embeddable":true,"href":"https:\/\/linitiative.ca\/International\/wp-json\/wp\/v2\/tags?post=72439"}],"curies":[{"name":"wp","href":"https:\/\/api.w.org\/{rel}","templated":true}]}}