{"id":72444,"date":"2020-01-08T12:54:06","date_gmt":"2020-01-08T17:54:06","guid":{"rendered":"https:\/\/linitiative.ca\/International\/forum-adrar-2020-plus-de-40-innovants-au-salon-des-start-up\/"},"modified":"2020-01-08T12:54:06","modified_gmt":"2020-01-08T17:54:06","slug":"forum-adrar-2020-plus-de-40-innovants-au-salon-des-start-up","status":"publish","type":"post","link":"https:\/\/linitiative.ca\/International\/forum-adrar-2020-plus-de-40-innovants-au-salon-des-start-up\/","title":{"rendered":"\u00ab\u00a0Forum Adrar-2020\u00a0\u00bb: plus de 40 innovants au salon des start-up"},"content":{"rendered":"<div readability=\"33\">\n<p><strong>ADRAR &#8211; Plus de 40 entit\u00e9s innovantes prennent part au salon des start-up tenu au titre du forum Adrar-2020 des start-up qui se poursuit mercredi dans la wilaya d\u2019Adrar.<\/strong><\/p>\n<\/div>\n<div readability=\"123.091476311\">\n<p>Cette manifestation qui conna\u00eet une participation qualitative des jeunes innovateurs et cr\u00e9ateurs, venus de diff\u00e9rents universit\u00e9s et instituts de formation, vise \u00e0 mettre en exergue les r\u00e9alisations et cr\u00e9ations des jeunes aux perspectives prometteuses pour le montage des start-up, ont indiqu\u00e9 les organisateurs.<\/p>\n<p>Le salon qui a regroup\u00e9 \u00e9galement les dispositifs d\u2019emploi et de financement a servi de cadre \u00e0 divers mod\u00e8les d\u2019innovation vers\u00e9s dans les domaines des travaux publics, les ressources en eau, t\u00e9l\u00e9communications, les services et les \u00e9nergies renouvelables.<\/p>\n<blockquote readability=\"16\">\n<p><strong>Halawa R\u00e9da, innovateur d\u2019Adrar, a pr\u00e9sent\u00e9 un mod\u00e8le impair servant au sauvetage et rep\u00eachage d\u2019une personne engouffr\u00e9e dans un puits, dont l\u2019id\u00e9e de cr\u00e9ation, a-t-il expliqu\u00e9, lui est venu de la chute tragique, l\u2019ann\u00e9e derni\u00e8re, de la victime Ayachi Mahdjoubi, dans un puits \u00e0 Msila et dont l\u2019accident a cr\u00e9\u00e9 de l\u2019\u00e9moi chez l\u2019opinion publique.<\/strong><\/p>\n<\/blockquote>\n<p>Le jeune a salu\u00e9 l\u2019organisation de pareille manifestation qui lui a permis de mettre \u00e0 jour et vulgariser les cr\u00e9ations des jeunes, en souhaitant de voir \u00ab\u00a0les nouvelles instances minist\u00e9rielles valorisent ces mod\u00e8les de cr\u00e9ation\u00a0\u00bb.<\/p>\n<p>L&rsquo;innovateur Sofiane Abdi de la wilaya de Timimoune a, pour sa part, mis au jour un syst\u00e8me d\u2019application de l\u2019E-commerce susceptible de soutenir la m\u00e9diatisation et l\u2019\u00e9coulement, \u00e0 la satisfaction des artisans, des produits d\u2019artisanat \u00e0 l\u2019int\u00e9rieur et l\u2019ext\u00e9rieur du pays.<\/p>\n<hr\/>\n<h3><a href=\"http:\/\/www.aps.dz\/regions\/99800-forum-adrar-2020-les-start-up-veritable-investissement-pour-l-economie-moderne-et-numerique\" target=\"_blank\" rel=\"noopener noreferrer\">Lire aussi :Forum Adrar-2020: les start-up, v\u00e9ritable investissement pour l&rsquo;\u00e9conomie moderne et num\u00e9rique<\/a><\/h3>\n<hr\/>\n<p>Un mod\u00e8le d&rsquo;exploitation de l\u2019\u00e9nergie \u00e0 partir des passages-pi\u00e9tons profitant des poids des passants (pi\u00e9tons) pour alimenter l\u2019\u00e9clairage public a \u00e9t\u00e9 avanc\u00e9 par l\u2019universitaire Ayoub, lors de ce salon.<\/p>\n<p>Faradji Fateh, chercheur \u00e0 l\u2019unit\u00e9 de recherches en \u00e9nergies renouvelables en milieu saharien (URER-MS) d\u2019Adrar, a mis en avant un mod\u00e8le turbine \u00e9olienne d\u2019une capacit\u00e9 de 2.5 kilowatts, dont la fonction est la conversion de l\u2019\u00e9nergie du mouvement de l\u2019air en \u00e9nergie m\u00e9canique, avant de passer \u00e0 l\u2019\u00e9nergie \u00e9lectrique.<\/p>\n<blockquote readability=\"9\">\n<p><strong>Cet appareil, a-t-il expliqu\u00e9, rev\u00eat une grande importance dans les activit\u00e9s de l\u2019agriculture saharienne, l\u2019irrigation dans les zones enclav\u00e9es et lointaines du r\u00e9seau d\u2019\u00e9lectrification.<\/strong><\/p>\n<\/blockquote>\n<p>Le salon qu\u2019ont abrit\u00e9 les galeries \u00ab\u00a0Foggaras\u00a0\u00bb des foires et expositions de la ville d\u2019Adrar a drain\u00e9 un grand public et des autorit\u00e9s locales venu d\u00e9couvrir les cr\u00e9ations et nouveaut\u00e9s des jeunes r\u00e9pondant largement aux projets et activit\u00e9s de d\u00e9veloppement local.<\/p>\n<p>La biblioth\u00e8que principale d\u2019Adrar a abrit\u00e9, en marge du salon, une rencontre d\u2019\u00e9tude d\u00e9di\u00e9e \u00e0 la vulgarisation de certains organismes centraux ayant trait \u00e0 l\u2019accompagnement et le soutien des petites et moyennes entreprises et des start-up.<\/p>\n<p>Mettant \u00e0 profit cette rencontre, le directeur du fonds de garantie et d\u2019assurance des pr\u00eats (FGAR), Abderraouf Khellaf, a pass\u00e9 en revue les m\u00e9canismes et mesures incitatives pr\u00e9conis\u00e9es pour l\u2019accompagnement des start-up prise en charge du montage financier, fardeau entravant les jeunes \u00e0 mettre en forme leurs projets d\u2019innovation.<\/p>\n<p>Le repr\u00e9sentant de l\u2019Institut national alg\u00e9rien de la propri\u00e9t\u00e9 industrielle, Hafsi Boualleg, a, pour sa part, \u00e9voqu\u00e9 les proc\u00e9dures r\u00e9glementaires portant protection du label, du brevet de cr\u00e9ation par l\u2019adoption du syst\u00e8me d\u2019inscription et de d\u00e9p\u00f4t des brevets et labels.<\/p>\n<hr\/>\n<h3><a href=\"http:\/\/www.aps.dz\/economie\/99829-startups-vers-des-formations-hybrides-incluant-l-ingeniorat-et-le-management\" target=\"_blank\" rel=\"noopener noreferrer\">Lire aussi : Startups: vers des formations hybrides incluant l&rsquo;ing\u00e9niorat et le management<\/a><\/h3>\n<hr\/>\n<p>Le salon s\u2019assigne comme objectifs la cr\u00e9ation d\u2019un espace de concertation, d\u2019\u00e9change des exp\u00e9riences entre jeunes innovateurs et les divers organismes et op\u00e9rateurs \u00e9conomiques en vue de tisser des partenariats \u00e0 m\u00eame de concr\u00e9tiser ces id\u00e9es sur terrain et d\u2019en faire un produit \u00e9conomique rentable.<\/p>\n<p>Organis\u00e9 sous l\u2019\u00e9gide de l&rsquo;Agence nationale de d\u00e9veloppement de la PME et de la promotion de l\u2019innovation, le forum Adrar-2020 (5-9 janvier) qui regroupe plus de 50 entreprises et organismes se d\u00e9roule concomitamment au niveau des galeries \u00ab\u00a0Foggaras\u00a0\u00bb des foires et expositions et la biblioth\u00e8que principale de lecture publique d\u2019Adrar.<\/p>\n<p>Le programme de la manifestation pr\u00e9voit aussi deux ateliers de formation au niveau de l\u2019unit\u00e9 de recherche en \u00e9nergies renouvelables en milieu saharien (URER-MS) sur les modalit\u00e9s de conception d&rsquo;un mod\u00e8le innovant et de cr\u00e9ation et gestion d&rsquo;une entreprise innovante, ainsi qu\u2019un salon sur les activit\u00e9s des innovateurs, avec la participation de repr\u00e9sentants des dispositifs de soutien et d\u2019accompagnement.<\/p>\n<\/div>\n<p>Auteur:<br \/>\n<a href=\"http:\/\/www.aps.dz\/regions\/99892-forum-adrar-2020-plus-de-40-innovants-au-salon-des-start-up\">Cliquez ici pour lire l&rsquo;article depuis sa source.<\/a><\/p>\n","protected":false},"excerpt":{"rendered":"<p>ADRAR &#8211; Plus de 40 entit\u00e9s innovantes prennent part au salon des start-up tenu au titre du forum Adrar-2020 des start-up qui se poursuit mercredi dans la wilaya d\u2019Adrar. Cette manifestation qui conna\u00eet une participation qualitative des jeunes innovateurs et cr\u00e9ateurs, venus de diff\u00e9rents universit\u00e9s et instituts de formation, vise \u00e0 mettre en exergue les [&hellip;]<\/p>\n","protected":false},"author":1790,"featured_media":0,"comment_status":"closed","ping_status":"closed","sticky":false,"template":"","format":"standard","meta":{"fifu_image_url":"","fifu_image_alt":"","footnotes":""},"categories":[53,76],"tags":[],"class_list":["post-72444","post","type-post","status-publish","format-standard","hentry","category-algerie","category-regions"],"_links":{"self":[{"href":"https:\/\/linitiative.ca\/International\/wp-json\/wp\/v2\/posts\/72444","targetHints":{"allow":["GET"]}}],"collection":[{"href":"https:\/\/linitiative.ca\/International\/wp-json\/wp\/v2\/posts"}],"about":[{"href":"https:\/\/linitiative.ca\/International\/wp-json\/wp\/v2\/types\/post"}],"author":[{"embeddable":true,"href":"https:\/\/linitiative.ca\/International\/wp-json\/wp\/v2\/users\/1790"}],"replies":[{"embeddable":true,"href":"https:\/\/linitiative.ca\/International\/wp-json\/wp\/v2\/comments?post=72444"}],"version-history":[{"count":0,"href":"https:\/\/linitiative.ca\/International\/wp-json\/wp\/v2\/posts\/72444\/revisions"}],"wp:attachment":[{"href":"https:\/\/linitiative.ca\/International\/wp-json\/wp\/v2\/media?parent=72444"}],"wp:term":[{"taxonomy":"category","embeddable":true,"href":"https:\/\/linitiative.ca\/International\/wp-json\/wp\/v2\/categories?post=72444"},{"taxonomy":"post_tag","embeddable":true,"href":"https:\/\/linitiative.ca\/International\/wp-json\/wp\/v2\/tags?post=72444"}],"curies":[{"name":"wp","href":"https:\/\/api.w.org\/{rel}","templated":true}]}}