{"id":72448,"date":"2020-01-08T05:00:00","date_gmt":"2020-01-08T10:00:00","guid":{"rendered":"https:\/\/linitiative.ca\/International\/expo-hamidi-un-artiste-affranchi\/"},"modified":"2020-01-08T05:00:00","modified_gmt":"2020-01-08T10:00:00","slug":"expo-hamidi-un-artiste-affranchi","status":"publish","type":"post","link":"https:\/\/linitiative.ca\/International\/expo-hamidi-un-artiste-affranchi\/","title":{"rendered":"Expo: Hamidi, un artiste affranchi"},"content":{"rendered":"<div readability=\"36\">\n<p>Une r\u00e9trospective \u00e0 l\u2019Espace Expression CDG de Rabat<\/p>\n<p>Un artiste ayant marqu\u00e9 l\u2019histoire de l\u2019art au Maroc<\/p>\n<p>Deux de ses \u0153uvres int\u00e8grent la collection Pompidou<\/p>\n<\/div>\n<div readability=\"152\">\n<div class=\"dnd-atom-wrapper type-image context-sdl_editor_representation\" contenteditable=\"false\" readability=\"31.5\">\n<div class=\"dnd-drop-wrapper image\"><img loading=\"lazy\" decoding=\"async\" typeof=\"foaf:Image\" class=\"img-responsive\" src=\"https:\/\/leconomiste.com\/sites\/default\/files\/eco7\/public\/thumbnails\/image\/expo-hamidi-070.jpg\" width=\"660\" height=\"330\" alt=\"expo-hamidi-070.jpg\" title=\"expo-hamidi-070.jpg\"\/><\/div>\n<div class=\"dnd-legend-wrapper\" contenteditable=\"true\" readability=\"8\">\n<p class=\"rtejustify\">L\u2019artiste qui se distingue par l\u2019audace de ses compositions durant les ann\u00e9es 70 conna\u00eetra une reconnaissance internationale assez tardive <em>(Ph. A.Bo)<\/em><\/p>\n<\/div>\n<\/div>\n<p class=\"rtejustify\">Il y a assur\u00e9ment une charge \u00e9rotique intense dans l\u2019\u0153uvre de Mohamed Hamidi, du moins\u00a0 dans ses compositions des ann\u00e9es 70, d\u2019une\u00a0 abstraction\u00a0 \u00abhard-edge\u00bb caract\u00e9ristique de l\u2019\u00c9cole de Casablanca dont il est l\u2019un des fondateurs.<\/p>\n<p class=\"rtejustify\">Le mouvement ayant fortement marqu\u00e9 les origines de l\u2019art moderne marocain a rassembl\u00e9, en 1969, une poign\u00e9e d\u2019artistes dont Mohamed Ataallah, Mohamed Chebaa, Mohamed Melihi\u00a0 et Farid Belkahia autour d\u2019une exposition manifeste \u00e0 Jama\u00e2 El Fna, intitul\u00e9e \u00abPr\u00e9sence plastique\u00bb,\u00a0 d\u00e9sormais consid\u00e9r\u00e9e comme l\u2019acte fondateur de la modernit\u00e9 marocaine de l\u2019\u00e8re post-coloniale.<\/p>\n<p class=\"rtejustify\">C\u2019est dire que l\u2019artiste, \u00e0 qui l\u2019Espace Expression CDG de Rabat consacre une exposition r\u00e9trospective jusqu\u2019au 29 f\u00e9vrier 2020, est l\u2019un des acteurs cl\u00e9s de cette p\u00e9riode d\u2019\u00e9bullition cr\u00e9ative qui co\u00efncide avec la constitution d\u2019une alter-modernit\u00e9 africaine et arabe.<\/p>\n<p class=\"rtejustify\">\u00abAssur\u00e9ment, la symbolique sexuelle n\u2019est pas absente de la po\u00e9tique de Belkahia et de Melehi, mais, dans la peinture que produit Hamidi durant ces ann\u00e9es-l\u00e0, elle prend une flagrance et un tour \u00e9tonnants\u00bb, commente Michel Gauthier, conservateur du patrimoine au Centre Pompidou.<\/p>\n<p class=\"rtejustify\">La prestigieuse institution mus\u00e9ale, le deuxi\u00e8me mus\u00e9e d\u2019art moderne et contemporain le plus important au monde, apr\u00e8s le MoMA (Museum of Modern Art) de New York, vient de faire l\u2019acquisition de deux \u0153uvres majeures de l\u2019artiste,\u00a0 qui rejoint ses fr\u00e8res d\u2019armes: Mohamed Melihi et Farid Belkahia, 2011 pour le premier et 2013 pour le second, dans le panth\u00e9on parisien.<\/p>\n<p class=\"rtejustify\">Les deux \u0153uvres, d\u00e9nomm\u00e9es \u00abHarmonie\u00bb et \u00abMarie\u00bb, malgr\u00e9 leur facture r\u00e9solument abstraite, r\u00e9v\u00e8lent, \u00e0 l\u2019\u00e9vidence, une consonance extr\u00eamement \u00e9rotique. \u00abCe qui est un trait d\u2019audace rare dans le Maroc de ces ann\u00e9es-l\u00e0\u00bb, d\u00e9clare Hicham Daoudi, conseill\u00e9 artistique pour l\u2019exposition.<\/p>\n<p class=\"rtejustify\">\u00ab\u2026Une infinit\u00e9 de compositions d\u2019un \u00e9rotisme r\u00e9duit \u00e0 sa dimension la plus \u00e9pur\u00e9e, qui d\u00e9joue les sch\u00e9mas de perception habituels. Dans les parall\u00e9logrammes et les rosaces que Hamidi invente, une dialectique du masculin et du f\u00e9minin na\u00eet du voisinage des formes phalliques et des ondoiements que le peintre, \u00e0 l\u2019instar des praticiens du Anatomy Art, fait subir au sexe f\u00e9minin\u00bb, analyse de son c\u00f4t\u00e9\u00a0 le critique et artiste Youssef Wahboun. C\u2019est d\u2019une abstraction presque figurative qu\u2019il s\u2019agit, \u00absugg\u00e9rer sans nommer, indiquer sans d\u00e9crire\u00bb, d\u00e9crypte Wahboun.\u00a0<\/p>\n<div class=\"dnd-atom-wrapper type-image context-sdl_editor_representation\" contenteditable=\"false\" readability=\"33\">\n<div class=\"dnd-drop-wrapper image\"><img loading=\"lazy\" decoding=\"async\" typeof=\"foaf:Image\" class=\"img-responsive\" src=\"https:\/\/leconomiste.com\/sites\/default\/files\/eco7\/public\/thumbnails\/image\/expo-hamidi-2-070.jpg\" width=\"660\" height=\"330\" alt=\"expo-hamidi-2-070.jpg\" title=\"expo-hamidi-2-070.jpg\"\/><\/div>\n<div class=\"dnd-legend-wrapper\" contenteditable=\"true\" readability=\"11\">\n<p class=\"rtejustify\">\u00a0En 2019, Hamidi fait une entr\u00e9e remarqu\u00e9e avec deux \u0153uvres majeures dans la collection permanente du Centre Pompidou. La m\u00eame ann\u00e9e, le c\u00e9l\u00e8bre mus\u00e9e Mathaf de Doha\u00a0 au Qatar fera \u00e9galement une acquisition de l\u2019une de ses \u0153uvres <em>(Ph. A.Bo)<\/em><\/p>\n<\/div>\n<\/div>\n<p class=\"rtejustify\">Le dessin et les couleurs ne sont-ils que les simples v\u00e9hicules de la figuration sexuelle?, se demande Michel Gauthier, qui fait un rapprochement entre la peinture de Hamidi et le \u00abTranscendental Painting Group\u00bb cr\u00e9\u00e9 \u00e0 la fin des ann\u00e9es 1930 \u00e0 Santa Fe aux Etats-Unis ou encore certains courants artistiques port\u00e9s par des revendications f\u00e9ministes \u00e0 l\u2019instar de\u00a0 l\u2019artiste californienne Judy Chicago. D\u2019autres rapprochements sont \u00e0 faire avec les diagrammes anatomiques \u00e0 l\u2019abstraction pouss\u00e9e propos\u00e9s par Birth Hood (1965) ou l\u2019imagerie \u00abg\u00e9nitale\u00bb de la s\u00e9rie Great Ladies de 1973 qui partagent de nombreux aspects avec la peinture de Hamidi.<\/p>\n<p class=\"rtejustify\">Il n\u2019est bien s\u00fbr pas question de r\u00e9sumer l\u2019\u0153uvre de Hamidi, du haut de ses 60 ans de carri\u00e8re, \u00e0 ce seul moment de sa production. Dans les ann\u00e9es 1980,\u00a0 pouss\u00e9 par un tropisme africain, il r\u00e9alisera une s\u00e9rie de masques, le rapprochant de Belkahia. El\u00e8ve de Jean Aujame en 1963, c\u00e9l\u00e8bre fresquiste, il s\u2019essaya \u00e0 la monumentalit\u00e9 car, malgr\u00e9 les apparences d\u2019un art farouchement fid\u00e8le \u00e0 lui-m\u00eame, l\u2019\u0153uvre de l\u2019artiste fait preuve d\u2019une consid\u00e9rable diversit\u00e9 de techniques et de factures.<\/p>\n<p class=\"rtejustify\">N\u00e9 le 7 ao\u00fbt 1941 \u00e0 Casablanca, Mohamed Hamidi suit ses \u00e9tudes \u00e0 l\u2019\u00c9cole sup\u00e9rieure des Beaux-Arts de Casablanca. Il part ensuite en France pour suivre une formation \u00e0 l\u2019\u00c9cole nationale sup\u00e9rieure des Beaux-Arts et \u00e0 l\u2019\u00c9cole des m\u00e9tiers d\u2019art de Paris.<\/p>\n<p class=\"rtejustify\">De retour au Maroc, il rejoint le collectif compos\u00e9 des peintres Mohamed Melehi, Farid Belkahia, Mohammed Chab\u00e2a, Mohamed Hafid et Mohamed Ataallah dans l\u2019exposition manifeste de la place Jama\u00e2 El-Fna, tenue en mars 1969. De 1967 \u00e0 1975, Mohamed Hamidi est professeur \u00e0 l\u2019\u00c9cole des Beaux-Arts de Casablanca.<\/p>\n<p class=\"rtejustify\">Artiste engag\u00e9, il est \u00e0 l\u2019origine d\u2019une initiative qui vise le d\u00e9veloppement d\u2019Azemmour par l\u2019art. Il invite, en 2005, une vingtaine de peintres \u00e0 r\u00e9aliser des peintures murales dans la m\u00e9dina d\u2019Azemmour. Il est aussi membre fondateur de l\u2019Association marocaine des arts plastiques.<\/p>\n<p class=\"rtejustify\">Aujourd\u2019hui, Mohamed Hamidi partage son temps entre Azemmour et Casablanca, effectuant \u00e9galement de fr\u00e9quents s\u00e9jours \u00e0 Grasse en France. Depuis 1958, Mohamed Hamidi participe r\u00e9guli\u00e8rement \u00e0 des expositions individuelles ou collectives, au Maroc et \u00e0 l\u2019\u00e9tranger.<\/p>\n<p class=\"rtejustify\"><em>Amine BOUSHABA<\/em><\/p>\n<p class=\"rtejustify\">\u00a0<\/p>\n<\/div>\n<p>Auteur: hlafriqi<br \/>\n<a href=\"https:\/\/www.leconomiste.com\/article\/1055512-expo-hamidi-un-artiste-affranchi\">Cliquez ici pour lire l&rsquo;article depuis sa source.<\/a><\/p>\n","protected":false},"excerpt":{"rendered":"<p>Une r\u00e9trospective \u00e0 l\u2019Espace Expression CDG de Rabat Un artiste ayant marqu\u00e9 l\u2019histoire de l\u2019art au Maroc Deux de ses \u0153uvres int\u00e8grent la collection Pompidou L\u2019artiste qui se distingue par l\u2019audace de ses compositions durant les ann\u00e9es 70 conna\u00eetra une reconnaissance internationale assez tardive (Ph. A.Bo) Il y a assur\u00e9ment une charge \u00e9rotique intense dans [&hellip;]<\/p>\n","protected":false},"author":1763,"featured_media":72449,"comment_status":"closed","ping_status":"closed","sticky":false,"template":"","format":"standard","meta":{"fifu_image_url":"","fifu_image_alt":"","footnotes":""},"categories":[78,54],"tags":[],"class_list":["post-72448","post","type-post","status-publish","format-standard","has-post-thumbnail","hentry","category-economie","category-maroc"],"_links":{"self":[{"href":"https:\/\/linitiative.ca\/International\/wp-json\/wp\/v2\/posts\/72448","targetHints":{"allow":["GET"]}}],"collection":[{"href":"https:\/\/linitiative.ca\/International\/wp-json\/wp\/v2\/posts"}],"about":[{"href":"https:\/\/linitiative.ca\/International\/wp-json\/wp\/v2\/types\/post"}],"author":[{"embeddable":true,"href":"https:\/\/linitiative.ca\/International\/wp-json\/wp\/v2\/users\/1763"}],"replies":[{"embeddable":true,"href":"https:\/\/linitiative.ca\/International\/wp-json\/wp\/v2\/comments?post=72448"}],"version-history":[{"count":0,"href":"https:\/\/linitiative.ca\/International\/wp-json\/wp\/v2\/posts\/72448\/revisions"}],"wp:featuredmedia":[{"embeddable":true,"href":"https:\/\/linitiative.ca\/International\/wp-json\/"}],"wp:attachment":[{"href":"https:\/\/linitiative.ca\/International\/wp-json\/wp\/v2\/media?parent=72448"}],"wp:term":[{"taxonomy":"category","embeddable":true,"href":"https:\/\/linitiative.ca\/International\/wp-json\/wp\/v2\/categories?post=72448"},{"taxonomy":"post_tag","embeddable":true,"href":"https:\/\/linitiative.ca\/International\/wp-json\/wp\/v2\/tags?post=72448"}],"curies":[{"name":"wp","href":"https:\/\/api.w.org\/{rel}","templated":true}]}}