{"id":72450,"date":"2020-01-08T05:15:00","date_gmt":"2020-01-08T10:15:00","guid":{"rendered":"https:\/\/linitiative.ca\/International\/libye-le-conflit-degenere\/"},"modified":"2020-01-08T05:15:00","modified_gmt":"2020-01-08T10:15:00","slug":"libye-le-conflit-degenere","status":"publish","type":"post","link":"https:\/\/linitiative.ca\/International\/libye-le-conflit-degenere\/","title":{"rendered":"Libye: Le conflit d\u00e9g\u00e9n\u00e8re"},"content":{"rendered":"<p class=\"rtejustify\">Une r\u00e9union minist\u00e9rielle de quatre pays europ\u00e9ens (France, Italie, Gr\u00e8ce, Chypre) sur la situation en Libye aura lieu mercredi 8 janvier au Caire. Cette initiative intervient alors que le pr\u00e9sident turc Recep Tayyip Erdogan a annonc\u00e9 dimanche soir le d\u00e9but du d\u00e9ploiement de soldats turcs en Libye.<\/p>\n<p class=\"rtejustify\">La d\u00e9cision du Parlement turc avait suscit\u00e9 l\u2019inqui\u00e9tude de l&rsquo;UE et conduit le pr\u00e9sident am\u00e9ricain Donald Trump \u00e0 mettre en garde Ankara contre toute interf\u00e9rence \u00e9trang\u00e8re en Libye. Le secr\u00e9taire g\u00e9n\u00e9ral de l&rsquo;ONU, Antonio Guterres, a \u00e9galement mis en garde contre les dangers de \u00abtout soutien \u00e9tranger aux parties en guerre\u00bb.<\/p>\n<p class=\"rtejustify\">L&rsquo;objectif de la Turquie n&rsquo;est \u00abpas de combattre mais de soutenir le gouvernement l\u00e9gitime et d&rsquo;\u00e9viter une trag\u00e9die humanitaire\u00bb, a assur\u00e9 Erdogan. \u00abSon pays n&rsquo;engagera pas ses propres soldats dans des combats mais des officiers sup\u00e9rieurs turcs seront charg\u00e9s de la coordination au sein de la force combattante, la faisant b\u00e9n\u00e9ficier de leur exp\u00e9rience et de leurs informations, en soutien au GNA\u00bb, a expliqu\u00e9 le pr\u00e9sident turc.<\/p>\n<p class=\"rtejustify\">Plong\u00e9e dans le chaos, le pays est d\u00e9chir\u00e9 entre deux autorit\u00e9s: le gouvernement d&rsquo;union nationale (GNA), reconnu par l&rsquo;ONU et bas\u00e9 \u00e0 Tripoli, et un pouvoir incarn\u00e9 par le mar\u00e9chal Khalifa Haftar dans l&rsquo;Est. Le chef de la diplomatie europ\u00e9enne Josep Borrell a appel\u00e9 \u00e0 une solution politique \u00e0 la crise. Une r\u00e9union du Conseil de s\u00e9curit\u00e9 de l&rsquo;ONU devait se tenir hier lundi sur la question \u00e0 la demande de la Russie.<\/p>\n<p class=\"rtejustify\">\u00a0<\/p>\n<p>Auteur: hlafriqi<br \/>\n<a href=\"https:\/\/www.leconomiste.com\/article\/1055515-libye-le-conflit-degenere\">Cliquez ici pour lire l&rsquo;article depuis sa source.<\/a><\/p>\n","protected":false},"excerpt":{"rendered":"<p>Une r\u00e9union minist\u00e9rielle de quatre pays europ\u00e9ens (France, Italie, Gr\u00e8ce, Chypre) sur la situation en Libye aura lieu mercredi 8 janvier au Caire. Cette initiative intervient alors que le pr\u00e9sident turc Recep Tayyip Erdogan a annonc\u00e9 dimanche soir le d\u00e9but du d\u00e9ploiement de soldats turcs en Libye. La d\u00e9cision du Parlement turc avait suscit\u00e9 l\u2019inqui\u00e9tude [&hellip;]<\/p>\n","protected":false},"author":1763,"featured_media":0,"comment_status":"closed","ping_status":"closed","sticky":false,"template":"","format":"standard","meta":{"fifu_image_url":"","fifu_image_alt":"","footnotes":""},"categories":[78,54],"tags":[],"class_list":["post-72450","post","type-post","status-publish","format-standard","hentry","category-economie","category-maroc"],"_links":{"self":[{"href":"https:\/\/linitiative.ca\/International\/wp-json\/wp\/v2\/posts\/72450","targetHints":{"allow":["GET"]}}],"collection":[{"href":"https:\/\/linitiative.ca\/International\/wp-json\/wp\/v2\/posts"}],"about":[{"href":"https:\/\/linitiative.ca\/International\/wp-json\/wp\/v2\/types\/post"}],"author":[{"embeddable":true,"href":"https:\/\/linitiative.ca\/International\/wp-json\/wp\/v2\/users\/1763"}],"replies":[{"embeddable":true,"href":"https:\/\/linitiative.ca\/International\/wp-json\/wp\/v2\/comments?post=72450"}],"version-history":[{"count":0,"href":"https:\/\/linitiative.ca\/International\/wp-json\/wp\/v2\/posts\/72450\/revisions"}],"wp:attachment":[{"href":"https:\/\/linitiative.ca\/International\/wp-json\/wp\/v2\/media?parent=72450"}],"wp:term":[{"taxonomy":"category","embeddable":true,"href":"https:\/\/linitiative.ca\/International\/wp-json\/wp\/v2\/categories?post=72450"},{"taxonomy":"post_tag","embeddable":true,"href":"https:\/\/linitiative.ca\/International\/wp-json\/wp\/v2\/tags?post=72450"}],"curies":[{"name":"wp","href":"https:\/\/api.w.org\/{rel}","templated":true}]}}