{"id":72451,"date":"2020-01-08T05:30:00","date_gmt":"2020-01-08T10:30:00","guid":{"rendered":"https:\/\/linitiative.ca\/International\/tensions-usa-iran-un-niveau-dangereux-descalade\/"},"modified":"2020-01-08T05:30:00","modified_gmt":"2020-01-08T10:30:00","slug":"tensions-usa-iran-un-niveau-dangereux-descalade","status":"publish","type":"post","link":"https:\/\/linitiative.ca\/International\/tensions-usa-iran-un-niveau-dangereux-descalade\/","title":{"rendered":"Tensions USA\/Iran:  Un niveau dangereux d\u2019escalade"},"content":{"rendered":"<p class=\"rtejustify\">Face \u00e0 la crise entre les Etats-Unis et l&rsquo;Iran et le risque d&rsquo;une v\u00e9ritable d\u00e9flagration, une r\u00e9union extraordinaire de l&rsquo;Otan s\u2019est tenue, hier lundi dans la journ\u00e9e, \u00e0 Bruxelles. La chanceli\u00e8re allemande Angela Merkel devra rencontrer samedi prochain \u00e0 Moscou le pr\u00e9sident Vladimir Poutine. Une mar\u00e9e humaine en deuil a accompagn\u00e9 hier lundi \u00e0 T\u00e9h\u00e9ran les cercueils du g\u00e9n\u00e9ral Qassem Soleimani et de ses compagnons d&rsquo;armes tu\u00e9s dans une attaque de drone des Etats-Unis en Irak.<\/p>\n<p class=\"rtejustify\">Sur un autre front des tensions exacerb\u00e9es avec Washington, l&rsquo;Iran a annonc\u00e9 une nouvelle r\u00e9duction de ses engagements contenus dans l&rsquo;accord international sur son programme nucl\u00e9aire dont les Etats-Unis se sont retir\u00e9s en 2018. Les Europ\u00e9ens, encore parties \u00e0 cet accord conclu en 2015, ont regrett\u00e9 l&rsquo;annonce de T\u00e9h\u00e9ran sur la lev\u00e9e de toute limite sur l&rsquo;enrichissement d&rsquo;uranium.<\/p>\n<p class=\"rtejustify\">Par l&rsquo;accord de 2015, l&rsquo;Iran a accept\u00e9 de r\u00e9duire ses activit\u00e9s nucl\u00e9aires, de fa\u00e7on \u00e0 prouver que celles-ci n&rsquo;ont aucune vis\u00e9e militaire. Ceci en \u00e9change de la lev\u00e9e d&rsquo;une partie des sanctions \u00e9conomiques internationales qui asphyxiaient alors son \u00e9conomie. Mais le retour des sanctions am\u00e9ricaines a plong\u00e9 le pays p\u00e9trolier dans une violente r\u00e9cession et l&rsquo;a priv\u00e9 des retomb\u00e9es \u00e9conomiques qu&rsquo;il esp\u00e9rait de l&rsquo;accord.<\/p>\n<p class=\"rtejustify\">Malgr\u00e9 les appels \u00e0 la d\u00e9sescalade et \u00e0 la retenue de nombreuses capitales dans le monde, le pr\u00e9sident am\u00e9ricain Donald Trump persiste et signe: \u00abSi l&rsquo;Iran fait quoi que ce soit, il y aura des repr\u00e9sailles majeures\u00bb, a-t-il lanc\u00e9. \u00abCes menaces ne sont pas d&rsquo;une tr\u00e8s grande aide\u00bb, a regrett\u00e9 Berlin.<\/p>\n<p class=\"rtejustify\">Trump a \u00e9galement \u00e9voqu\u00e9 la possibilit\u00e9 d&rsquo;imposer de lourdes sanctions \u00e0 Bagdad. Et ce m\u00eame apr\u00e8s le vote par le Parlement irakien d&rsquo;une r\u00e9solution demandant le d\u00e9part des troupes am\u00e9ricaines d&rsquo;Irak. Face \u00e0 la mont\u00e9e des tensions, Washington a annonc\u00e9 r\u00e9cemment le d\u00e9ploiement de 3.000 \u00e0 3.500 soldats suppl\u00e9mentaires dans la r\u00e9gion.<\/p>\n<p class=\"rtejustify\">D\u00e9non\u00e7ant des \u00abviolations de la souverainet\u00e9 de l&rsquo;Irak\u00bb, Bagdad a annonc\u00e9 avoir convoqu\u00e9 l&rsquo;ambassadeur am\u00e9ricain et port\u00e9 plainte aupr\u00e8s du Conseil de s\u00e9curit\u00e9 de l&rsquo;ONU.<\/p>\n<p class=\"rtejustify\"><em>F. Z. T. avec agences<\/em><\/p>\n<p>Auteur: hlafriqi<br \/>\n<a href=\"https:\/\/www.leconomiste.com\/article\/1055516-tensions-usa-iran-un-niveau-dangereux-d-escalade\">Cliquez ici pour lire l&rsquo;article depuis sa source.<\/a><\/p>\n","protected":false},"excerpt":{"rendered":"<p>Face \u00e0 la crise entre les Etats-Unis et l&rsquo;Iran et le risque d&rsquo;une v\u00e9ritable d\u00e9flagration, une r\u00e9union extraordinaire de l&rsquo;Otan s\u2019est tenue, hier lundi dans la journ\u00e9e, \u00e0 Bruxelles. La chanceli\u00e8re allemande Angela Merkel devra rencontrer samedi prochain \u00e0 Moscou le pr\u00e9sident Vladimir Poutine. Une mar\u00e9e humaine en deuil a accompagn\u00e9 hier lundi \u00e0 T\u00e9h\u00e9ran [&hellip;]<\/p>\n","protected":false},"author":1763,"featured_media":0,"comment_status":"closed","ping_status":"closed","sticky":false,"template":"","format":"standard","meta":{"fifu_image_url":"","fifu_image_alt":"","footnotes":""},"categories":[78,54],"tags":[],"class_list":["post-72451","post","type-post","status-publish","format-standard","hentry","category-economie","category-maroc"],"_links":{"self":[{"href":"https:\/\/linitiative.ca\/International\/wp-json\/wp\/v2\/posts\/72451","targetHints":{"allow":["GET"]}}],"collection":[{"href":"https:\/\/linitiative.ca\/International\/wp-json\/wp\/v2\/posts"}],"about":[{"href":"https:\/\/linitiative.ca\/International\/wp-json\/wp\/v2\/types\/post"}],"author":[{"embeddable":true,"href":"https:\/\/linitiative.ca\/International\/wp-json\/wp\/v2\/users\/1763"}],"replies":[{"embeddable":true,"href":"https:\/\/linitiative.ca\/International\/wp-json\/wp\/v2\/comments?post=72451"}],"version-history":[{"count":0,"href":"https:\/\/linitiative.ca\/International\/wp-json\/wp\/v2\/posts\/72451\/revisions"}],"wp:attachment":[{"href":"https:\/\/linitiative.ca\/International\/wp-json\/wp\/v2\/media?parent=72451"}],"wp:term":[{"taxonomy":"category","embeddable":true,"href":"https:\/\/linitiative.ca\/International\/wp-json\/wp\/v2\/categories?post=72451"},{"taxonomy":"post_tag","embeddable":true,"href":"https:\/\/linitiative.ca\/International\/wp-json\/wp\/v2\/tags?post=72451"}],"curies":[{"name":"wp","href":"https:\/\/api.w.org\/{rel}","templated":true}]}}