{"id":72454,"date":"2020-01-08T15:14:04","date_gmt":"2020-01-08T20:14:04","guid":{"rendered":"https:\/\/linitiative.ca\/International\/international-real-madrid-brahim-diaz-ne-souhaite-pas-partir\/"},"modified":"2020-01-08T15:14:04","modified_gmt":"2020-01-08T20:14:04","slug":"international-real-madrid-brahim-diaz-ne-souhaite-pas-partir","status":"publish","type":"post","link":"https:\/\/linitiative.ca\/International\/international-real-madrid-brahim-diaz-ne-souhaite-pas-partir\/","title":{"rendered":"International : Real Madrid : Brahim Diaz ne souhaite pas partir"},"content":{"rendered":"<div readability=\"32\">\n<p>Auteur : <span class=\"time\">mercredi 08 janvier 2020 16:15<\/span><\/p>\n<\/div>\n<div id=\"post_core\" readability=\"43\">\n<p>Arriv\u00e9 l\u2019\u00e9t\u00e9 dernier en provenance de Manchester City, ce dernier ne s\u2019est jamais impos\u00e9 sous les ordres de Zinedine Zidane.<\/p>\n<p>Alors que le club doit vendre pour \u00e9quilibrer ses comptes vis \u00e0 vis du fair-play financier, les dirigeants madril\u00e8nes ont d\u00e9cid\u00e9 de le placer sur la liste des transferts. Malgr\u00e9 quelques approches de plusieurs clubs espagnols, Les-Transferts nous r\u00e9v\u00e8le que le joueur voulait rester dans la capitale espagnole jusqu\u2019\u00e0 la fin de saison.<\/p>\n<p><strong>Publi\u00e9 dans :<\/strong> <span>real madrid<\/span> <span>Brahim Diaz<\/span><\/p>\n<\/div>\n<p>Auteur:<br \/>\n<a href=\"http:\/\/www.lebuteur.com\/article\/detail?titre=real-madrid-brahim-diaz-ne-souhaite-pas-partir&#038;id=94055&#038;utm_source=feedburner&#038;utm_medium=feed&#038;utm_campaign=Feed%3A+GalerieFArtciles+%28Les+derniers+articles++-+lebuteur.com%29\">Cliquez ici pour lire l&rsquo;article depuis sa source.<\/a><\/p>\n","protected":false},"excerpt":{"rendered":"<p>Auteur : mercredi 08 janvier 2020 16:15 Arriv\u00e9 l\u2019\u00e9t\u00e9 dernier en provenance de Manchester City, ce dernier ne s\u2019est jamais impos\u00e9 sous les ordres de Zinedine Zidane. Alors que le club doit vendre pour \u00e9quilibrer ses comptes vis \u00e0 vis du fair-play financier, les dirigeants madril\u00e8nes ont d\u00e9cid\u00e9 de le placer sur la liste des [&hellip;]<\/p>\n","protected":false},"author":1738,"featured_media":72455,"comment_status":"closed","ping_status":"closed","sticky":false,"template":"","format":"standard","meta":{"fifu_image_url":"","fifu_image_alt":"","footnotes":""},"categories":[53,75],"tags":[],"class_list":["post-72454","post","type-post","status-publish","format-standard","has-post-thumbnail","hentry","category-algerie","category-sport"],"_links":{"self":[{"href":"https:\/\/linitiative.ca\/International\/wp-json\/wp\/v2\/posts\/72454","targetHints":{"allow":["GET"]}}],"collection":[{"href":"https:\/\/linitiative.ca\/International\/wp-json\/wp\/v2\/posts"}],"about":[{"href":"https:\/\/linitiative.ca\/International\/wp-json\/wp\/v2\/types\/post"}],"author":[{"embeddable":true,"href":"https:\/\/linitiative.ca\/International\/wp-json\/wp\/v2\/users\/1738"}],"replies":[{"embeddable":true,"href":"https:\/\/linitiative.ca\/International\/wp-json\/wp\/v2\/comments?post=72454"}],"version-history":[{"count":0,"href":"https:\/\/linitiative.ca\/International\/wp-json\/wp\/v2\/posts\/72454\/revisions"}],"wp:featuredmedia":[{"embeddable":true,"href":"https:\/\/linitiative.ca\/International\/wp-json\/"}],"wp:attachment":[{"href":"https:\/\/linitiative.ca\/International\/wp-json\/wp\/v2\/media?parent=72454"}],"wp:term":[{"taxonomy":"category","embeddable":true,"href":"https:\/\/linitiative.ca\/International\/wp-json\/wp\/v2\/categories?post=72454"},{"taxonomy":"post_tag","embeddable":true,"href":"https:\/\/linitiative.ca\/International\/wp-json\/wp\/v2\/tags?post=72454"}],"curies":[{"name":"wp","href":"https:\/\/api.w.org\/{rel}","templated":true}]}}