{"id":72458,"date":"2020-01-08T15:14:10","date_gmt":"2020-01-08T20:14:10","guid":{"rendered":"https:\/\/linitiative.ca\/International\/pros-les-colchoneros-reviennent-a-la-charge-pour-mandi\/"},"modified":"2020-01-08T15:14:10","modified_gmt":"2020-01-08T20:14:10","slug":"pros-les-colchoneros-reviennent-a-la-charge-pour-mandi","status":"publish","type":"post","link":"https:\/\/linitiative.ca\/International\/pros-les-colchoneros-reviennent-a-la-charge-pour-mandi\/","title":{"rendered":"Pros : Les Colchoneros reviennent \u00e0 la charge pour Mandi"},"content":{"rendered":"<div readability=\"32\">\n<p>Auteur : <span>Riad O.<\/span> <span class=\"time\">mercredi 08 janvier 2020 18:18<\/span><\/p>\n<\/div>\n<div id=\"post_core\" readability=\"44\">\n<p>\u00a0La direction de l\u2019Atl\u00e9tico Madrid serait revenue \u00e0 la charge pour Aissa Mandi. En effet, et d\u2019apr\u00e8s le m\u00e9dia espagnol, Gol Digital, les Colchoneros feraient de Mandi leur cible num\u00e9ro 1 pour renforcer leur d\u00e9fense lors de ce mercato hivernal. Alors que Stefan Savi\u0107 est indisponible des terrains pour une longue dur\u00e9e, l\u2019entra\u00eeneur de l\u2019Atl\u00e9tico Madrid, Diego Simeone souhaiterait recruter un d\u00e9fenseur axial cet hiver.\u00a0 Il faut dire que ce n\u2019est pas la premi\u00e8re fois que le nom de Mandi est associ\u00e9 \u00e0 l\u2019Atl\u00e9tico Madrid. L\u2019\u00e9t\u00e9 dernier, le club de la capitale espagnole aurait tent\u00e9 de faire venir Mandi au club. A l\u2019\u00e9poque, la direction de l\u2019Atl\u00e9tico avait tent\u00e9 de faire baisser son prix, fix\u00e9 \u00e0 30 millions d\u2019euros, pour pouvoir l\u2019enr\u00f4ler.<\/p>\n<p><strong>Publi\u00e9 dans :<\/strong> <span>Mandi<\/span><\/p>\n<\/div>\n<p>Auteur:<br \/>\n<a href=\"http:\/\/www.lebuteur.com\/article\/detail?titre=les-colchoneros-reviennent-a-la-charge-pour-mandi&#038;id=94057&#038;utm_source=feedburner&#038;utm_medium=feed&#038;utm_campaign=Feed%3A+GalerieFArtciles+%28Les+derniers+articles++-+lebuteur.com%29\">Cliquez ici pour lire l&rsquo;article depuis sa source.<\/a><\/p>\n","protected":false},"excerpt":{"rendered":"<p>Auteur : Riad O. mercredi 08 janvier 2020 18:18 \u00a0La direction de l\u2019Atl\u00e9tico Madrid serait revenue \u00e0 la charge pour Aissa Mandi. En effet, et d\u2019apr\u00e8s le m\u00e9dia espagnol, Gol Digital, les Colchoneros feraient de Mandi leur cible num\u00e9ro 1 pour renforcer leur d\u00e9fense lors de ce mercato hivernal. Alors que Stefan Savi\u0107 est indisponible [&hellip;]<\/p>\n","protected":false},"author":1738,"featured_media":72459,"comment_status":"closed","ping_status":"closed","sticky":false,"template":"","format":"standard","meta":{"fifu_image_url":"","fifu_image_alt":"","footnotes":""},"categories":[53,75],"tags":[],"class_list":["post-72458","post","type-post","status-publish","format-standard","has-post-thumbnail","hentry","category-algerie","category-sport"],"_links":{"self":[{"href":"https:\/\/linitiative.ca\/International\/wp-json\/wp\/v2\/posts\/72458","targetHints":{"allow":["GET"]}}],"collection":[{"href":"https:\/\/linitiative.ca\/International\/wp-json\/wp\/v2\/posts"}],"about":[{"href":"https:\/\/linitiative.ca\/International\/wp-json\/wp\/v2\/types\/post"}],"author":[{"embeddable":true,"href":"https:\/\/linitiative.ca\/International\/wp-json\/wp\/v2\/users\/1738"}],"replies":[{"embeddable":true,"href":"https:\/\/linitiative.ca\/International\/wp-json\/wp\/v2\/comments?post=72458"}],"version-history":[{"count":0,"href":"https:\/\/linitiative.ca\/International\/wp-json\/wp\/v2\/posts\/72458\/revisions"}],"wp:featuredmedia":[{"embeddable":true,"href":"https:\/\/linitiative.ca\/International\/wp-json\/"}],"wp:attachment":[{"href":"https:\/\/linitiative.ca\/International\/wp-json\/wp\/v2\/media?parent=72458"}],"wp:term":[{"taxonomy":"category","embeddable":true,"href":"https:\/\/linitiative.ca\/International\/wp-json\/wp\/v2\/categories?post=72458"},{"taxonomy":"post_tag","embeddable":true,"href":"https:\/\/linitiative.ca\/International\/wp-json\/wp\/v2\/tags?post=72458"}],"curies":[{"name":"wp","href":"https:\/\/api.w.org\/{rel}","templated":true}]}}