{"id":72460,"date":"2020-01-08T15:14:12","date_gmt":"2020-01-08T20:14:12","guid":{"rendered":"https:\/\/linitiative.ca\/International\/pros-atal-dans-lequipe-type-de-la-ligue-1-conforama\/"},"modified":"2020-01-08T15:14:12","modified_gmt":"2020-01-08T20:14:12","slug":"pros-atal-dans-lequipe-type-de-la-ligue-1-conforama","status":"publish","type":"post","link":"https:\/\/linitiative.ca\/International\/pros-atal-dans-lequipe-type-de-la-ligue-1-conforama\/","title":{"rendered":"Pros : Atal dans l\u2019\u00e9quipe-type de la Ligue 1 Conforama"},"content":{"rendered":"<div readability=\"32\">\n<p>Auteur : <span>Riad O.<\/span> <span class=\"time\">mercredi 08 janvier 2020 18:19<\/span><\/p>\n<\/div>\n<div id=\"post_core\" readability=\"38\">\n<p>Le d\u00e9fenseur lat\u00e9ral droit Alg\u00e9rien de l\u2019OGC Nice, Youcef Atal figure dans l&rsquo;\u00e9quipe- type de la premi\u00e8re moiti\u00e9 de saison de la Ligue 1 r\u00e9alis\u00e9e par le site officiel de la Ligue 1 Conforama. En d\u00e9pit de sa blessure au genou au d\u00e9but du mois de d\u00e9cembre et qui continue de l\u2019\u00e9loigner des terrains, le joueur de l\u2019EN a \u00e9t\u00e9 tout de m\u00eame choisit dans ce onze du championnat de France aux c\u00f4t\u00e9s de plusieurs stars tels qu\u2019Icardi, Ben Yedder ou encore M\u2019Bappe.<\/p>\n<p><strong>Publi\u00e9 dans :<\/strong> <span>Atal<\/span><\/p>\n<\/div>\n<p>Auteur:<br \/>\n<a href=\"http:\/\/www.lebuteur.com\/article\/detail?titre=atal-dans-lequipe-type-de-la-ligue-1-conforama&#038;id=94058&#038;utm_source=feedburner&#038;utm_medium=feed&#038;utm_campaign=Feed%3A+GalerieFArtciles+%28Les+derniers+articles++-+lebuteur.com%29\">Cliquez ici pour lire l&rsquo;article depuis sa source.<\/a><\/p>\n","protected":false},"excerpt":{"rendered":"<p>Auteur : Riad O. mercredi 08 janvier 2020 18:19 Le d\u00e9fenseur lat\u00e9ral droit Alg\u00e9rien de l\u2019OGC Nice, Youcef Atal figure dans l&rsquo;\u00e9quipe- type de la premi\u00e8re moiti\u00e9 de saison de la Ligue 1 r\u00e9alis\u00e9e par le site officiel de la Ligue 1 Conforama. En d\u00e9pit de sa blessure au genou au d\u00e9but du mois de [&hellip;]<\/p>\n","protected":false},"author":1738,"featured_media":72461,"comment_status":"closed","ping_status":"closed","sticky":false,"template":"","format":"standard","meta":{"fifu_image_url":"","fifu_image_alt":"","footnotes":""},"categories":[53,75],"tags":[],"class_list":["post-72460","post","type-post","status-publish","format-standard","has-post-thumbnail","hentry","category-algerie","category-sport"],"_links":{"self":[{"href":"https:\/\/linitiative.ca\/International\/wp-json\/wp\/v2\/posts\/72460","targetHints":{"allow":["GET"]}}],"collection":[{"href":"https:\/\/linitiative.ca\/International\/wp-json\/wp\/v2\/posts"}],"about":[{"href":"https:\/\/linitiative.ca\/International\/wp-json\/wp\/v2\/types\/post"}],"author":[{"embeddable":true,"href":"https:\/\/linitiative.ca\/International\/wp-json\/wp\/v2\/users\/1738"}],"replies":[{"embeddable":true,"href":"https:\/\/linitiative.ca\/International\/wp-json\/wp\/v2\/comments?post=72460"}],"version-history":[{"count":0,"href":"https:\/\/linitiative.ca\/International\/wp-json\/wp\/v2\/posts\/72460\/revisions"}],"wp:featuredmedia":[{"embeddable":true,"href":"https:\/\/linitiative.ca\/International\/wp-json\/"}],"wp:attachment":[{"href":"https:\/\/linitiative.ca\/International\/wp-json\/wp\/v2\/media?parent=72460"}],"wp:term":[{"taxonomy":"category","embeddable":true,"href":"https:\/\/linitiative.ca\/International\/wp-json\/wp\/v2\/categories?post=72460"},{"taxonomy":"post_tag","embeddable":true,"href":"https:\/\/linitiative.ca\/International\/wp-json\/wp\/v2\/tags?post=72460"}],"curies":[{"name":"wp","href":"https:\/\/api.w.org\/{rel}","templated":true}]}}