{"id":72462,"date":"2020-01-08T15:14:14","date_gmt":"2020-01-08T20:14:14","guid":{"rendered":"https:\/\/linitiative.ca\/International\/pros-bensebaini-rate-le-premier-match-du-borussia-monchengladbach-en-2020\/"},"modified":"2020-01-08T15:14:14","modified_gmt":"2020-01-08T20:14:14","slug":"pros-bensebaini-rate-le-premier-match-du-borussia-monchengladbach-en-2020","status":"publish","type":"post","link":"https:\/\/linitiative.ca\/International\/pros-bensebaini-rate-le-premier-match-du-borussia-monchengladbach-en-2020\/","title":{"rendered":"Pros : Bensebaini rate le premier match du Borussia M\u00f6nchengladbach en 2020"},"content":{"rendered":"<div readability=\"32\">\n<p>Auteur : <span>Riad O.<\/span> <span class=\"time\">mercredi 08 janvier 2020 18:20<\/span><\/p>\n<\/div>\n<div id=\"post_core\" readability=\"41\">\n<p>Le d\u00e9fenseur Alg\u00e9rien du Borussia M\u00f6nchengladbach, Ramy Bensebaini n\u2019a pas particip\u00e9 au match amical disput\u00e9 par son team hier contre la formation n\u00e9erlandaise de Heracles Almelo. Selon l\u2019entraineur de la formation allemande, Marco Rose, l\u2019absence de Bensebaini \u00e0 ce match s\u2019explique par sa maladie. Toutefois, le club de la Bundesliga a rassur\u00e9 sur l\u2019\u00e9tat de sant\u00e9 de son joueur alg\u00e9rien en indiquant aujourd\u2019hui son retour \u00e0 l\u2019entra\u00eenement. Autant dire que la blessure de Bensebaini n\u2019a rien de compliqu\u00e9 et que le joueur de l\u2019EN va poursuivre la pr\u00e9paration avec ses co\u00e9quipiers qui sont en stage en Espagne.<\/p>\n<p><strong>Publi\u00e9 dans :<\/strong> <span>Bensebaini<\/span><\/p>\n<\/div>\n<p>Auteur:<br \/>\n<a href=\"http:\/\/www.lebuteur.com\/article\/detail?titre=bensebaini-rate-le-premier-match-du-borussia-monchengladbach-en-2020&#038;id=94059&#038;utm_source=feedburner&#038;utm_medium=feed&#038;utm_campaign=Feed%3A+GalerieFArtciles+%28Les+derniers+articles++-+lebuteur.com%29\">Cliquez ici pour lire l&rsquo;article depuis sa source.<\/a><\/p>\n","protected":false},"excerpt":{"rendered":"<p>Auteur : Riad O. mercredi 08 janvier 2020 18:20 Le d\u00e9fenseur Alg\u00e9rien du Borussia M\u00f6nchengladbach, Ramy Bensebaini n\u2019a pas particip\u00e9 au match amical disput\u00e9 par son team hier contre la formation n\u00e9erlandaise de Heracles Almelo. Selon l\u2019entraineur de la formation allemande, Marco Rose, l\u2019absence de Bensebaini \u00e0 ce match s\u2019explique par sa maladie. Toutefois, le [&hellip;]<\/p>\n","protected":false},"author":1738,"featured_media":72463,"comment_status":"closed","ping_status":"closed","sticky":false,"template":"","format":"standard","meta":{"fifu_image_url":"","fifu_image_alt":"","footnotes":""},"categories":[53,75],"tags":[],"class_list":["post-72462","post","type-post","status-publish","format-standard","has-post-thumbnail","hentry","category-algerie","category-sport"],"_links":{"self":[{"href":"https:\/\/linitiative.ca\/International\/wp-json\/wp\/v2\/posts\/72462","targetHints":{"allow":["GET"]}}],"collection":[{"href":"https:\/\/linitiative.ca\/International\/wp-json\/wp\/v2\/posts"}],"about":[{"href":"https:\/\/linitiative.ca\/International\/wp-json\/wp\/v2\/types\/post"}],"author":[{"embeddable":true,"href":"https:\/\/linitiative.ca\/International\/wp-json\/wp\/v2\/users\/1738"}],"replies":[{"embeddable":true,"href":"https:\/\/linitiative.ca\/International\/wp-json\/wp\/v2\/comments?post=72462"}],"version-history":[{"count":0,"href":"https:\/\/linitiative.ca\/International\/wp-json\/wp\/v2\/posts\/72462\/revisions"}],"wp:featuredmedia":[{"embeddable":true,"href":"https:\/\/linitiative.ca\/International\/wp-json\/"}],"wp:attachment":[{"href":"https:\/\/linitiative.ca\/International\/wp-json\/wp\/v2\/media?parent=72462"}],"wp:term":[{"taxonomy":"category","embeddable":true,"href":"https:\/\/linitiative.ca\/International\/wp-json\/wp\/v2\/categories?post=72462"},{"taxonomy":"post_tag","embeddable":true,"href":"https:\/\/linitiative.ca\/International\/wp-json\/wp\/v2\/tags?post=72462"}],"curies":[{"name":"wp","href":"https:\/\/api.w.org\/{rel}","templated":true}]}}