{"id":72465,"date":"2020-01-08T07:09:00","date_gmt":"2020-01-08T12:09:00","guid":{"rendered":"https:\/\/linitiative.ca\/International\/laraba-president-la-commission-chargee-de-soumettre-les-propositions-concernant-lamendement-de-la-constitution\/"},"modified":"2020-01-08T07:09:00","modified_gmt":"2020-01-08T12:09:00","slug":"laraba-president-la-commission-chargee-de-soumettre-les-propositions-concernant-lamendement-de-la-constitution","status":"publish","type":"post","link":"https:\/\/linitiative.ca\/International\/laraba-president-la-commission-chargee-de-soumettre-les-propositions-concernant-lamendement-de-la-constitution\/","title":{"rendered":"Laraba pr\u00e9sident la commission charg\u00e9e de soumettre les propositions concernant l&rsquo;amendement de la Constitution"},"content":{"rendered":"<p>L&rsquo;audience s&rsquo;est d\u00e9roul\u00e9e en pr\u00e9sence du directeur de cabinet de la pr\u00e9sidence de la R\u00e9publique, Noureddine Ayadi et du ministre conseiller \u00e0 la communication, porte-parole officiel de la Pr\u00e9sidence de la R\u00e9publique, Bela\u00efd Mohand Oussa\u00efd.<\/p>\n<p>Cette commission devra soumettre ,au Pr\u00e9sident de la R\u00e9publique, ses propositions concernant l&rsquo;amendement de la Constitution. (APS)<\/p>\n<p>\/\/\/\/<\/p>\n<p>Bio Express<\/p>\n<p>Le pr\u00e9sident de la R\u00e9publique Abdelmadjid Tebboune a charg\u00e9 mercredi le professeur universitaire M. Ahmed Laraba de<br \/>pr\u00e9sider le Comit\u00e9 d&rsquo;Experts charg\u00e9 de formuler des propositions pour une r\u00e9vision constitutionnelle. En voici la bio express :\u00a0<br \/>\u00a0&#8211; Professeur de droit public \u00e0 la facult\u00e9 de droit de l&rsquo;universit\u00e9 d&rsquo;Alger<br \/>1<br \/>\u00a0&#8211; Professeur \u00e0 l&rsquo;Ecole nationale d&rsquo;administration (ENA) de 1971 \u00e0 2009<br \/>\u00a0&#8211; Professeur \u00e0 l&rsquo;Ecole sup\u00e9rieure de la magistrature de 2000 \u00e0 2010<br \/>\u00a0&#8211; Invit\u00e9 dans de nombreuses facult\u00e9s \u00e9trang\u00e8res de droit<br \/>\u00a0&#8211; Repr\u00e9sentant de l&rsquo;Alg\u00e9rie devant la Cour internationale de justice dans<br \/>l&rsquo;affaire de la lic\u00e9it\u00e9 de la construction du mur de Palestine<br \/>\u00a0&#8211; Conseiller juridique de l&rsquo;Etat alg\u00e9rien dans plusieurs arbitrages<br \/>relatifs aux contentieux sur les investissements internationaux<br \/>\u00a0&#8211; Membre de la Commission du Droit international des Nations Unies de 2012<br \/>\u00e0 2016 et de 2017 \u00e0 2021. (APS)<\/p>\n<p>Auteur: elmoudjahid<br \/>\n<a href=\"http:\/\/www.elmoudjahid.com\/fr\/actualites\/146808\">Cliquez ici pour lire l&rsquo;article depuis sa source.<\/a><\/p>\n","protected":false},"excerpt":{"rendered":"<p>L&rsquo;audience s&rsquo;est d\u00e9roul\u00e9e en pr\u00e9sence du directeur de cabinet de la pr\u00e9sidence de la R\u00e9publique, Noureddine Ayadi et du ministre conseiller \u00e0 la communication, porte-parole officiel de la Pr\u00e9sidence de la R\u00e9publique, Bela\u00efd Mohand Oussa\u00efd. Cette commission devra soumettre ,au Pr\u00e9sident de la R\u00e9publique, ses propositions concernant l&rsquo;amendement de la Constitution. (APS) \/\/\/\/ Bio Express [&hellip;]<\/p>\n","protected":false},"author":1744,"featured_media":0,"comment_status":"closed","ping_status":"closed","sticky":false,"template":"","format":"standard","meta":{"fifu_image_url":"","fifu_image_alt":"","footnotes":""},"categories":[73,53],"tags":[],"class_list":["post-72465","post","type-post","status-publish","format-standard","hentry","category-actualite","category-algerie"],"_links":{"self":[{"href":"https:\/\/linitiative.ca\/International\/wp-json\/wp\/v2\/posts\/72465","targetHints":{"allow":["GET"]}}],"collection":[{"href":"https:\/\/linitiative.ca\/International\/wp-json\/wp\/v2\/posts"}],"about":[{"href":"https:\/\/linitiative.ca\/International\/wp-json\/wp\/v2\/types\/post"}],"author":[{"embeddable":true,"href":"https:\/\/linitiative.ca\/International\/wp-json\/wp\/v2\/users\/1744"}],"replies":[{"embeddable":true,"href":"https:\/\/linitiative.ca\/International\/wp-json\/wp\/v2\/comments?post=72465"}],"version-history":[{"count":0,"href":"https:\/\/linitiative.ca\/International\/wp-json\/wp\/v2\/posts\/72465\/revisions"}],"wp:attachment":[{"href":"https:\/\/linitiative.ca\/International\/wp-json\/wp\/v2\/media?parent=72465"}],"wp:term":[{"taxonomy":"category","embeddable":true,"href":"https:\/\/linitiative.ca\/International\/wp-json\/wp\/v2\/categories?post=72465"},{"taxonomy":"post_tag","embeddable":true,"href":"https:\/\/linitiative.ca\/International\/wp-json\/wp\/v2\/tags?post=72465"}],"curies":[{"name":"wp","href":"https:\/\/api.w.org\/{rel}","templated":true}]}}