{"id":72467,"date":"2020-01-08T11:55:00","date_gmt":"2020-01-08T16:55:00","guid":{"rendered":"https:\/\/linitiative.ca\/International\/le-gouvernement-examine-la-methodologie-delaboration-de-son-plan-daction\/"},"modified":"2020-01-08T11:55:00","modified_gmt":"2020-01-08T16:55:00","slug":"le-gouvernement-examine-la-methodologie-delaboration-de-son-plan-daction","status":"publish","type":"post","link":"https:\/\/linitiative.ca\/International\/le-gouvernement-examine-la-methodologie-delaboration-de-son-plan-daction\/","title":{"rendered":"Le gouvernement examine la m\u00e9thodologie d&rsquo;\u00e9laboration de son Plan d&rsquo;action"},"content":{"rendered":"<p>Lors de cette r\u00e9union, \u00e0 laquelle ont pris part l&rsquo;ensemble des ministres, ministres d\u00e9l\u00e9gu\u00e9s et secr\u00e9taires d&rsquo;Etat, le Premier ministre a tenu \u00e0 pr\u00e9ciser le cadre de r\u00e9f\u00e9rence devant pr\u00e9sider \u00e0 l&rsquo;organisation et \u00e0 la structuration des \u00e9l\u00e9ments constitutifs de ce Plan d&rsquo;action et qui \u00ab\u00a0consistent, essentiellement, dans le programme du pr\u00e9sident de la R\u00e9publique, d&rsquo;une part, et dans les directives pr\u00e9sidentielles \u00e9mises \u00e0 l&rsquo;occasion de la tenue de la premi\u00e8re r\u00e9union du Conseil des ministres, dimanche 5 janvier 2020, d&rsquo;autre part\u00a0\u00bb.<\/p>\n<p>Il en a rappel\u00e9, \u00e0 ce propos, la teneur en focalisant sur \u00ab\u00a0la n\u00e9cessit\u00e9, pour chaque d\u00e9partement minist\u00e9riel, d&rsquo;\u0153uvrer \u00e0 d\u00e9velopper une nouvelle approche de la gouvernance bas\u00e9e sur l&rsquo;efficience et la transparence de la gestion des affaires publiques\u00a0\u00bb.<\/p>\n<p>M. Djerad a mis l&rsquo;accent, en outre, sur la n\u00e9cessit\u00e9 de veiller, en substance, \u00e0 \u00ab\u00a0d\u00e9bureaucratiser d\u00e9finitivement et avec d\u00e9termination les proc\u00e9dures administratives qui concernent directement les citoyens, moderniser les rapports entre les administrations et les agents \u00e9conomiques afin de garantir une r\u00e9glementation appropri\u00e9e, coh\u00e9rente et qui soit \u00e0 m\u00eame de cr\u00e9er un environnement favorable au d\u00e9veloppement \u00e9conomique et respecter les obligations de transparence, notamment les d\u00e9lais relatifs \u00e0 la d\u00e9claration de patrimoine et \u00e9viter tout conflit d&rsquo;int\u00e9r\u00eat \u00e9ventuel\u00a0\u00bb.<\/p>\n<p>Concernant les pr\u00e9alables \u00e0 l&rsquo;action \u00e0 engager, le Premier ministre a soulign\u00e9 la n\u00e9cessit\u00e9 de \u00ab\u00a0prendre rapidement les mesures destin\u00e9es \u00e0 parachever l&rsquo;organisation gouvernementale en indiquant, \u00e0 ce propos, que les ministres d\u00e9l\u00e9gu\u00e9s et les secr\u00e9taires d&rsquo;Etat ne disposeront pas d&rsquo;administrations sp\u00e9cifiques qui pourraient impacter les d\u00e9penses de fonctionnement de l&rsquo;Etat\u00a0\u00bb et seront ainsi appel\u00e9s \u00e0 \u00ab\u00a0exercer leurs missions au sein des minist\u00e8res auxquels ils sont rattach\u00e9s et \u00e0 prendre appui, par voie de cons\u00e9quence, sur les administrations minist\u00e9rielles existantes\u00a0\u00bb.<\/p>\n<p>Dans ce cadre, il a \u00e9galement tenu \u00e0 rappeler \u00ab\u00a0l&rsquo;exigence de rationaliser les d\u00e9penses publiques par une r\u00e9duction du train de vie de l&rsquo;Etat\u00a0\u00bb.<\/p>\n<p>Le Premier ministre a \u00e9galement demand\u00e9 aux membres du gouvernement \u00ab\u00a0d&rsquo;\u00e9laborer un diagnostic rigoureux de leurs secteurs respectifs pour permettre de prendre les d\u00e9cisions ad\u00e9quates\u00a0\u00bb.<\/p>\n<p>Pour ce qui est de l&rsquo;\u00e9laboration du Plan d&rsquo;action du gouvernement, M. Djerad a donn\u00e9 lecture de \u00ab\u00a0la m\u00e9thode pr\u00e9conis\u00e9e en termes de modalit\u00e9s li\u00e9es aux op\u00e9rations \u00e0 r\u00e9aliser, au calendrier y aff\u00e9rent, et ce, jusqu&rsquo;\u00e0 la finalisation du projet de Plan d&rsquo;action devant \u00eatre soumis \u00e0 l&rsquo;approbation du Conseil des ministres avant d&rsquo;\u00eatre d\u00e9pos\u00e9 au niveau du Parlement\u00a0\u00bb.\u00a0 Dans ses orientations, il a insist\u00e9 sur la n\u00e9cessit\u00e9 de \u00ab\u00a0pr\u00e9senter les contenus des politiques publiques que le gouvernement s&rsquo;attellera \u00e0 mettre en \u0153uvre, en d\u00e9clinant les finalit\u00e9s et les objectifs recherch\u00e9s\u00a0\u00bb.<\/p>\n<p>Le Premier ministre a, enfin, mis l&rsquo;accent sur l&rsquo;importance \u00e0 accorder au volet relatif au dialogue social. \u00a0\u00a0\u00a0<\/p>\n<p>Mettant en avant \u00ab\u00a0le souci des pouvoirs publics d&rsquo;inaugurer une nouvelle \u00e8re fond\u00e9e sur le dialogue et la concertation avec l&rsquo;ensemble des acteurs sociaux et \u00e9conomiques dans un esprit faisant pr\u00e9valoir le dialogue franc, responsable et constructif\u00a0\u00bb, il a appel\u00e9 les membres du gouvernement \u00e0 \u00ab\u00a0ouvrir, sans attendre, ces canaux de concertation avec l&rsquo;ensemble de leurs partenaires\u00a0\u00bb, conclut le communiqu\u00e9 des services du Premier ministre.(APS)<\/p>\n<p>Auteur: elmoudjahid<br \/>\n<a href=\"http:\/\/www.elmoudjahid.com\/fr\/actualites\/146810\">Cliquez ici pour lire l&rsquo;article depuis sa source.<\/a><\/p>\n","protected":false},"excerpt":{"rendered":"<p>Lors de cette r\u00e9union, \u00e0 laquelle ont pris part l&rsquo;ensemble des ministres, ministres d\u00e9l\u00e9gu\u00e9s et secr\u00e9taires d&rsquo;Etat, le Premier ministre a tenu \u00e0 pr\u00e9ciser le cadre de r\u00e9f\u00e9rence devant pr\u00e9sider \u00e0 l&rsquo;organisation et \u00e0 la structuration des \u00e9l\u00e9ments constitutifs de ce Plan d&rsquo;action et qui \u00ab\u00a0consistent, essentiellement, dans le programme du pr\u00e9sident de la R\u00e9publique, [&hellip;]<\/p>\n","protected":false},"author":1744,"featured_media":0,"comment_status":"closed","ping_status":"closed","sticky":false,"template":"","format":"standard","meta":{"fifu_image_url":"","fifu_image_alt":"","footnotes":""},"categories":[73,53],"tags":[],"class_list":["post-72467","post","type-post","status-publish","format-standard","hentry","category-actualite","category-algerie"],"_links":{"self":[{"href":"https:\/\/linitiative.ca\/International\/wp-json\/wp\/v2\/posts\/72467","targetHints":{"allow":["GET"]}}],"collection":[{"href":"https:\/\/linitiative.ca\/International\/wp-json\/wp\/v2\/posts"}],"about":[{"href":"https:\/\/linitiative.ca\/International\/wp-json\/wp\/v2\/types\/post"}],"author":[{"embeddable":true,"href":"https:\/\/linitiative.ca\/International\/wp-json\/wp\/v2\/users\/1744"}],"replies":[{"embeddable":true,"href":"https:\/\/linitiative.ca\/International\/wp-json\/wp\/v2\/comments?post=72467"}],"version-history":[{"count":0,"href":"https:\/\/linitiative.ca\/International\/wp-json\/wp\/v2\/posts\/72467\/revisions"}],"wp:attachment":[{"href":"https:\/\/linitiative.ca\/International\/wp-json\/wp\/v2\/media?parent=72467"}],"wp:term":[{"taxonomy":"category","embeddable":true,"href":"https:\/\/linitiative.ca\/International\/wp-json\/wp\/v2\/categories?post=72467"},{"taxonomy":"post_tag","embeddable":true,"href":"https:\/\/linitiative.ca\/International\/wp-json\/wp\/v2\/tags?post=72467"}],"curies":[{"name":"wp","href":"https:\/\/api.w.org\/{rel}","templated":true}]}}