{"id":72468,"date":"2020-01-08T12:00:00","date_gmt":"2020-01-08T17:00:00","guid":{"rendered":"https:\/\/linitiative.ca\/International\/el-djeich-rend-hommage-au-defunt-ahmed-gaid-salah-qui-a-consacre-toute-sa-vie-au-service-de-lalgerie\/"},"modified":"2020-01-08T12:00:00","modified_gmt":"2020-01-08T17:00:00","slug":"el-djeich-rend-hommage-au-defunt-ahmed-gaid-salah-qui-a-consacre-toute-sa-vie-au-service-de-lalgerie","status":"publish","type":"post","link":"https:\/\/linitiative.ca\/International\/el-djeich-rend-hommage-au-defunt-ahmed-gaid-salah-qui-a-consacre-toute-sa-vie-au-service-de-lalgerie\/","title":{"rendered":"El Dje\u00efch rend hommage au d\u00e9funt Ahmed Ga\u00efd Salah qui a \u00ab\u00a0consacr\u00e9 toute sa  vie au service de l\u2019Alg\u00e9rie\u00a0\u00bb"},"content":{"rendered":"<p>La revue El Dje\u00efch a consacr\u00e9 son dernier num\u00e9ro au d\u00e9funt G\u00e9n\u00e9ral de corps d\u2019arm\u00e9e, Ahmed Ga\u00efd Salah, auquel un vibrant hommage a \u00e9t\u00e9 rendu \u00e0 ce \u00ab\u00a0chef militaire courageux\u00a0\u00bb ayant \u00ab\u00a0consacr\u00e9 toute sa vie au service de l\u2019Alg\u00e9rie\u00a0\u00bb.<\/p>\n<p>\u00ab\u00a0Il y a quelques jours, notre pays a fait un dernier adieu \u00e0 un chef\u00a0 militaire courageux, dans un \u00e9lan populaire que l\u2019histoire retiendra dans ses annales, tout comme elle consignera les hauts faits de l\u2019homme et son d\u00e9vouement \u00e0 l\u2019Alg\u00e9rie\u00a0\u00bb, souligne la revue El Dje\u00efch dans son \u00e9ditorial.<\/p>\n<p>En ce sens, la publication note que l&rsquo;Alg\u00e9rie \u00ab\u00a0a perdu un grand homme qui a triomph\u00e9 dans tous les combats qu\u2019il avait men\u00e9s et a consacr\u00e9 toute sa vie au service de l\u2019Alg\u00e9rie qu\u2019il portait dans son c\u0153ur depuis son plus jeune \u00e2ge et qui \u00e9tait profond\u00e9ment convaincu, lorsqu\u2019il d\u00e9cida de prendre les armes, que la participation au combat lib\u00e9rateur et le sacrifice pour que vive l\u2019Alg\u00e9rie, est le peu qu\u2019on pouvait donner \u00e0 la patrie pour l\u2019affranchir du joug colonial\u00a0\u00bb. \u00a0\u00a0\u00a0\u00a0\u00a0\u00a0 Commentant les obs\u00e8ques du d\u00e9funt, la revue observe que \u00ab\u00a0les foules immenses venues de toutes les r\u00e9gions du pays\u00a0 pour accompagner le d\u00e9funt moudjahid g\u00e9n\u00e9ral de corps d\u2019arm\u00e9e \u00e0 sa derni\u00e8re demeure, t\u00e9moignent de la spontan\u00e9it\u00e9 de l\u2019hommage rendu \u00e0 l\u2019homme en reconnaissance des services rendus \u00e0 l\u2019Alg\u00e9rie durant toute son existence, particuli\u00e8rement ces derniers mois\u00a0\u00bb.<\/p>\n<p>\u00ab\u00a0Cette d\u00e9marche a \u00e9vit\u00e9 au pays de sombrer dans le chaos et l\u2019anarchie, lui permettant de surmonter une \u00e9preuve difficile, gr\u00e2ce \u00e0 l\u2019attachement du d\u00e9funt \u00e0 la l\u00e9gitimit\u00e9 constitutionnelle et son engagement \u00e0 accompagner et \u00e0 s\u00e9curiser le peuple lors de ses marches pacifiques, tout en ouvrant le champ \u00e0 l\u2019appareil judiciaire de combattre la corruption et de juger les corrupteurs, r\u00e9unissant ainsi toutes les conditions \u00e0 la tenue d&rsquo;\u00e9lections pr\u00e9sidentielles, marqu\u00e9es du sceau de la transparence et de l\u2019int\u00e9grit\u00e9\u00a0\u00bb, souligne l&rsquo;\u00e9ditorial d&rsquo;El Dje\u00efch.<\/p>\n<p>\u00a0\u00ab\u00a0Tout comme l\u2019ANP qui a accompagn\u00e9, sous la conduite de feu Ahmed Ga\u00efd Salah, le peuple depuis le 22 f\u00e9vrier en toute sinc\u00e9rit\u00e9, fid\u00e8le au serment pr\u00eat\u00e9, le peuple alg\u00e9rien a tenu, \u00e0 son tour, \u00e0 accompagner le d\u00e9funt lors de ses obs\u00e8ques, offrant une des plus belles images de reconnaissance \u00e0 un homme qui a servi la patrie et la nation, fid\u00e8le au serment tenu devant Allah et le peuple\u00a0\u00bb, ajoute la m\u00eame source.<\/p>\n<p>El Dje\u00efch rappelle, en outre, que \u00ab\u00a0parall\u00e8lement \u00e0 ses missions de pr\u00e9servation de la<\/p>\n<p>s\u00e9curit\u00e9 et de la stabilit\u00e9 du pays, de protection des fronti\u00e8res nationales, de l\u2019int\u00e9grit\u00e9 territoriale et de l\u2019unit\u00e9 du peuple en plus des efforts de d\u00e9veloppement et de modernisation des forces arm\u00e9es, le Haut commandement de l\u2019ANP a veill\u00e9, durant ces derniers mois, \u00e0 accompagner les marches pacifiques et \u00e0 veiller \u00e0 assurer les conditions idoines pour l\u2019organisation des \u00e9lections pr\u00e9sidentielles dans les d\u00e9lais impartis\u00a0\u00bb.La revue souligne, dans le m\u00eame sillage, que \u00ab\u00a0si le peuple alg\u00e9rien a, une<\/p>\n<p>nouvelle fois, apport\u00e9 la preuve qu\u2019il poursuivra sa marche h\u00e9ro\u00efque et historique de par son profond attachement \u00e0 la patrie et sa coh\u00e9sion avec son ANP, digne h\u00e9riti\u00e8re de l\u2019Arm\u00e9e de lib\u00e9ration nationale, et sous le commandement du chef d\u2019\u00e9tat-major par int\u00e9rim, le g\u00e9n\u00e9ral-major Sa\u00efd Chanegriha, continuera, de concert avec les autres institutions de l\u2019Etat, sous le commandement du pr\u00e9sident de la R\u00e9publique, Chef supr\u00eame des Forces arm\u00e9es, ministre de la D\u00e9fense nationale, de d\u00e9fendre les principes de la R\u00e9publique et l\u2019autorit\u00e9 de l\u2019Etat, ainsi que sa continuit\u00e9, afin d\u2019\u00e9difier une Alg\u00e9rie puissante par son peuple et s\u00e9curis\u00e9e par son arm\u00e9e\u00a0\u00bb.<\/p>\n<p>\u00ab\u00a0Le devoir national requiert, en de telles circonstances, la consolidation des rangs pour relever les d\u00e9fis (&#8230;) et l&rsquo;ANP poursuit sa marche conform\u00e9ment au serment fait aux Chouhada, prot\u00e9geant la patrie et pr\u00e9servant le legs\u00a0\u00bb, conclut la revue El Dje\u00efch.(APS)<\/p>\n<p>Auteur: elmoudjahid<br \/>\n<a href=\"http:\/\/www.elmoudjahid.com\/fr\/actualites\/146811\">Cliquez ici pour lire l&rsquo;article depuis sa source.<\/a><\/p>\n","protected":false},"excerpt":{"rendered":"<p>La revue El Dje\u00efch a consacr\u00e9 son dernier num\u00e9ro au d\u00e9funt G\u00e9n\u00e9ral de corps d\u2019arm\u00e9e, Ahmed Ga\u00efd Salah, auquel un vibrant hommage a \u00e9t\u00e9 rendu \u00e0 ce \u00ab\u00a0chef militaire courageux\u00a0\u00bb ayant \u00ab\u00a0consacr\u00e9 toute sa vie au service de l\u2019Alg\u00e9rie\u00a0\u00bb. \u00ab\u00a0Il y a quelques jours, notre pays a fait un dernier adieu \u00e0 un chef\u00a0 militaire [&hellip;]<\/p>\n","protected":false},"author":1744,"featured_media":0,"comment_status":"closed","ping_status":"closed","sticky":false,"template":"","format":"standard","meta":{"fifu_image_url":"","fifu_image_alt":"","footnotes":""},"categories":[73,53],"tags":[],"class_list":["post-72468","post","type-post","status-publish","format-standard","hentry","category-actualite","category-algerie"],"_links":{"self":[{"href":"https:\/\/linitiative.ca\/International\/wp-json\/wp\/v2\/posts\/72468","targetHints":{"allow":["GET"]}}],"collection":[{"href":"https:\/\/linitiative.ca\/International\/wp-json\/wp\/v2\/posts"}],"about":[{"href":"https:\/\/linitiative.ca\/International\/wp-json\/wp\/v2\/types\/post"}],"author":[{"embeddable":true,"href":"https:\/\/linitiative.ca\/International\/wp-json\/wp\/v2\/users\/1744"}],"replies":[{"embeddable":true,"href":"https:\/\/linitiative.ca\/International\/wp-json\/wp\/v2\/comments?post=72468"}],"version-history":[{"count":0,"href":"https:\/\/linitiative.ca\/International\/wp-json\/wp\/v2\/posts\/72468\/revisions"}],"wp:attachment":[{"href":"https:\/\/linitiative.ca\/International\/wp-json\/wp\/v2\/media?parent=72468"}],"wp:term":[{"taxonomy":"category","embeddable":true,"href":"https:\/\/linitiative.ca\/International\/wp-json\/wp\/v2\/categories?post=72468"},{"taxonomy":"post_tag","embeddable":true,"href":"https:\/\/linitiative.ca\/International\/wp-json\/wp\/v2\/tags?post=72468"}],"curies":[{"name":"wp","href":"https:\/\/api.w.org\/{rel}","templated":true}]}}