{"id":72474,"date":"2020-01-08T12:11:00","date_gmt":"2020-01-08T17:11:00","guid":{"rendered":"https:\/\/linitiative.ca\/International\/braquage-dune-societe-dorfevrerie-en-france-lauteur-du-vol-arrete-en-algerie\/"},"modified":"2020-01-08T12:11:00","modified_gmt":"2020-01-08T17:11:00","slug":"braquage-dune-societe-dorfevrerie-en-france-lauteur-du-vol-arrete-en-algerie","status":"publish","type":"post","link":"https:\/\/linitiative.ca\/International\/braquage-dune-societe-dorfevrerie-en-france-lauteur-du-vol-arrete-en-algerie\/","title":{"rendered":"BRAQUAGE D\u2019UNE SOCIETE D\u2019ORFEVRERIE EN FRANCE :L\u2019auteur du vol arr\u00eat\u00e9 en Alg\u00e9rie"},"content":{"rendered":"<p><br id=\"sep_para_1\" class=\"sep_para access\"\/><\/p>\n<div id=\"para_1\" class=\"para_34892421 resize\">\n<div class=\"texte access firstletter\">Il a \u00e9t\u00e9 arr\u00eat\u00e9 en Alg\u00e9rie, pour avoir particip\u00e9 au braquage d\u2019une soci\u00e9t\u00e9 d\u2019orf\u00e8vrerie en mai en France, rapporte, ce mercredi 8 janvier 2020, la cha\u00eene France 3. Selon cette source, le braquage spectaculaire en France a eu lieu le 3 mai o\u00f9 des individus cagoul\u00e9s, munis d\u2019armes de poing et de fusils automatiques, \u00e9taient entr\u00e9s dans la soci\u00e9t\u00e9 d\u2019orf\u00e8vrerie dans le Doubs, se faisant remettre le contenu d\u2019un coffre-fort, en mena\u00e7ant les six employ\u00e9s de la soci\u00e9t\u00e9 de fabrication de bijoux et de pi\u00e8ces d\u2019horlogerie Frank et Person, \u00e0 Ch\u00e2tillon-le-Duc. Le butin est estim\u00e9 \u00e0 plus d\u2019un million d\u2019euros. \u00bb Plus de 30 kg de m\u00e9taux pr\u00e9cieux, principalement de l\u2019or, ont \u00e9t\u00e9 vol\u00e9s \u00bb, avait indiqu\u00e9 une source proche du dossier. L\u2019identit\u00e9 et la nationalit\u00e9 de l\u2019homme interpell\u00e9 en Alg\u00e9rie n\u2019ont pas \u00e9t\u00e9 pr\u00e9cis\u00e9es. Dans ce dossier, cinq personnes sont d\u00e9j\u00e0 mises en examen et plac\u00e9es en d\u00e9tention provisoire, selon une source judiciaire.<\/div>\n<\/div>\n<p>Auteur: Ismain<br \/>\n<a href=\"https:\/\/www.reflexiondz.net\/BRAQUAGE-D-UNE-SOCIETE-D-ORFEVRERIE-EN-FRANCE-L-auteur-du-vol-arrete-en-Algerie_a59897.html\">Cliquez ici pour lire l&rsquo;article depuis sa source.<\/a><\/p>\n","protected":false},"excerpt":{"rendered":"<p>Il a \u00e9t\u00e9 arr\u00eat\u00e9 en Alg\u00e9rie, pour avoir particip\u00e9 au braquage d\u2019une soci\u00e9t\u00e9 d\u2019orf\u00e8vrerie en mai en France, rapporte, ce mercredi 8 janvier 2020, la cha\u00eene France 3. Selon cette source, le braquage spectaculaire en France a eu lieu le 3 mai o\u00f9 des individus cagoul\u00e9s, munis d\u2019armes de poing et de fusils automatiques, \u00e9taient [&hellip;]<\/p>\n","protected":false},"author":1740,"featured_media":0,"comment_status":"closed","ping_status":"closed","sticky":false,"template":"","format":"standard","meta":{"fifu_image_url":"","fifu_image_alt":"","footnotes":""},"categories":[53,76],"tags":[],"class_list":["post-72474","post","type-post","status-publish","format-standard","hentry","category-algerie","category-regions"],"_links":{"self":[{"href":"https:\/\/linitiative.ca\/International\/wp-json\/wp\/v2\/posts\/72474","targetHints":{"allow":["GET"]}}],"collection":[{"href":"https:\/\/linitiative.ca\/International\/wp-json\/wp\/v2\/posts"}],"about":[{"href":"https:\/\/linitiative.ca\/International\/wp-json\/wp\/v2\/types\/post"}],"author":[{"embeddable":true,"href":"https:\/\/linitiative.ca\/International\/wp-json\/wp\/v2\/users\/1740"}],"replies":[{"embeddable":true,"href":"https:\/\/linitiative.ca\/International\/wp-json\/wp\/v2\/comments?post=72474"}],"version-history":[{"count":0,"href":"https:\/\/linitiative.ca\/International\/wp-json\/wp\/v2\/posts\/72474\/revisions"}],"wp:attachment":[{"href":"https:\/\/linitiative.ca\/International\/wp-json\/wp\/v2\/media?parent=72474"}],"wp:term":[{"taxonomy":"category","embeddable":true,"href":"https:\/\/linitiative.ca\/International\/wp-json\/wp\/v2\/categories?post=72474"},{"taxonomy":"post_tag","embeddable":true,"href":"https:\/\/linitiative.ca\/International\/wp-json\/wp\/v2\/tags?post=72474"}],"curies":[{"name":"wp","href":"https:\/\/api.w.org\/{rel}","templated":true}]}}