{"id":72475,"date":"2020-01-08T12:11:00","date_gmt":"2020-01-08T17:11:00","guid":{"rendered":"https:\/\/linitiative.ca\/International\/situation-politique-et-securitaire-en-libye-le-president-tebboune-invite-le-president-turc\/"},"modified":"2020-01-08T12:11:00","modified_gmt":"2020-01-08T17:11:00","slug":"situation-politique-et-securitaire-en-libye-le-president-tebboune-invite-le-president-turc","status":"publish","type":"post","link":"https:\/\/linitiative.ca\/International\/situation-politique-et-securitaire-en-libye-le-president-tebboune-invite-le-president-turc\/","title":{"rendered":"SITUATION POLITIQUE ET SECURITAIRE EN LIBYE : Le pr\u00e9sident Tebboune invite le pr\u00e9sident turc"},"content":{"rendered":"<p><br id=\"sep_para_1\" class=\"sep_para access\"\/><\/p>\n<div id=\"para_1\" class=\"para_34892417 resize\">\n<div class=\"texte access firstletter\">Le pr\u00e9sident de la R\u00e9publique, Abdelmadjid Tebboune, a envoy\u00e9 une invitation officielle\u00a0 au pr\u00e9sident turc Recep Tayyip Erdo\u011fan pour discuter de la situation politique et s\u00e9curitaire en Libye et les relations entre les deux pays, a indiqu\u00e9 ce mercredi Ennahar TV. Pour rappel, le pr\u00e9sident de la R\u00e9publique\u00a0 Abdelmadjid Tebboune a re\u00e7u mardi 07 janvier 2020 le ministre turc des Affaires \u00e9trang\u00e8res, Mevlut Cavusoglu pour examiner les derniers d\u00e9veloppements de la situation en Libye. Ont assist\u00e9 \u00e0 cette rencontre qui s\u2019est d\u00e9roul\u00e9e au si\u00e8ge de la Pr\u00e9sidence, le directeur de cabinet de la pr\u00e9sidence de la R\u00e9publique, Noureddine Ayadi, le ministre des Affaires \u00e9trang\u00e8res, Sabri Boukadoum, le secr\u00e9taire d\u2019Etat charg\u00e9 de la communaut\u00e9 nationale et des comp\u00e9tences \u00e0 l\u2019\u00e9tranger, Rachid Bladehane ainsi que l\u2019ambassadeur de l\u2019Alg\u00e9rie en Turquie, Mourad Adjabi.\u00a0\u00a0\u00a0\u00a0\u00a0<\/div>\n<\/div>\n<p>Auteur: Nadine<br \/>\n<a href=\"https:\/\/www.reflexiondz.net\/SITUATION-POLITIQUE-ET-SECURITAIRE-EN-LIBYE-Le-president-Tebboune-invite-le-president-turc_a59896.html\">Cliquez ici pour lire l&rsquo;article depuis sa source.<\/a><\/p>\n","protected":false},"excerpt":{"rendered":"<p>Le pr\u00e9sident de la R\u00e9publique, Abdelmadjid Tebboune, a envoy\u00e9 une invitation officielle\u00a0 au pr\u00e9sident turc Recep Tayyip Erdo\u011fan pour discuter de la situation politique et s\u00e9curitaire en Libye et les relations entre les deux pays, a indiqu\u00e9 ce mercredi Ennahar TV. Pour rappel, le pr\u00e9sident de la R\u00e9publique\u00a0 Abdelmadjid Tebboune a re\u00e7u mardi 07 janvier [&hellip;]<\/p>\n","protected":false},"author":1740,"featured_media":0,"comment_status":"closed","ping_status":"closed","sticky":false,"template":"","format":"standard","meta":{"fifu_image_url":"","fifu_image_alt":"","footnotes":""},"categories":[53,76],"tags":[],"class_list":["post-72475","post","type-post","status-publish","format-standard","hentry","category-algerie","category-regions"],"_links":{"self":[{"href":"https:\/\/linitiative.ca\/International\/wp-json\/wp\/v2\/posts\/72475","targetHints":{"allow":["GET"]}}],"collection":[{"href":"https:\/\/linitiative.ca\/International\/wp-json\/wp\/v2\/posts"}],"about":[{"href":"https:\/\/linitiative.ca\/International\/wp-json\/wp\/v2\/types\/post"}],"author":[{"embeddable":true,"href":"https:\/\/linitiative.ca\/International\/wp-json\/wp\/v2\/users\/1740"}],"replies":[{"embeddable":true,"href":"https:\/\/linitiative.ca\/International\/wp-json\/wp\/v2\/comments?post=72475"}],"version-history":[{"count":0,"href":"https:\/\/linitiative.ca\/International\/wp-json\/wp\/v2\/posts\/72475\/revisions"}],"wp:attachment":[{"href":"https:\/\/linitiative.ca\/International\/wp-json\/wp\/v2\/media?parent=72475"}],"wp:term":[{"taxonomy":"category","embeddable":true,"href":"https:\/\/linitiative.ca\/International\/wp-json\/wp\/v2\/categories?post=72475"},{"taxonomy":"post_tag","embeddable":true,"href":"https:\/\/linitiative.ca\/International\/wp-json\/wp\/v2\/tags?post=72475"}],"curies":[{"name":"wp","href":"https:\/\/api.w.org\/{rel}","templated":true}]}}