{"id":72476,"date":"2020-01-08T12:11:00","date_gmt":"2020-01-08T17:11:00","guid":{"rendered":"https:\/\/linitiative.ca\/International\/revision-de-la-constitution-tebboune-charge-une-commission-dexperts\/"},"modified":"2020-01-08T12:11:00","modified_gmt":"2020-01-08T17:11:00","slug":"revision-de-la-constitution-tebboune-charge-une-commission-dexperts","status":"publish","type":"post","link":"https:\/\/linitiative.ca\/International\/revision-de-la-constitution-tebboune-charge-une-commission-dexperts\/","title":{"rendered":"REVISION DE LA CONSTITUTION :Tebboune charge une commission d\u2019experts"},"content":{"rendered":"<p><br id=\"sep_para_1\" class=\"sep_para access\"\/><\/p>\n<div id=\"para_1\" class=\"para_34892414 resize\">\n<div class=\"photo shadow left\"><a href=\"javascript:void(0)\" rel=\"https:\/\/www.reflexiondz.net\/photo\/art\/grande\/41540371-34892414.jpg?v=1578510464&#038;ibox\" title=\"REVISION DE LA CONSTITUTION :Tebboune charge une commission d\u2019experts\"><img decoding=\"async\" class=\"responsive c9\" src=\"https:\/\/www.reflexiondz.net\/photo\/art\/grande\/41540371-34892414.jpg?v=1578510464\" alt=\"REVISION DE LA CONSTITUTION :Tebboune charge une commission d\u2019experts\" title=\"REVISION DE LA CONSTITUTION :Tebboune charge une commission d\u2019experts\"\/><img decoding=\"async\" class=\"not-responsive\" src=\"https:\/\/www.reflexiondz.net\/photo\/art\/default\/41540371-34892414.jpg?v=1578510465\" alt=\"REVISION DE LA CONSTITUTION :Tebboune charge une commission d\u2019experts\" title=\"REVISION DE LA CONSTITUTION :Tebboune charge une commission d\u2019experts\"\/><\/a><\/div>\n<div class=\"texte access firstletter\">En effet, selon un communiqu\u00e9 de la pr\u00e9sidence de la R\u00e9publique,\u00a0 Le pr\u00e9sident de la R\u00e9publique Abdelmadjid Tebboune a re\u00e7u mercredi, Ahmed Laraba professeur d\u2019universit\u00e9, membre de la commission du droit international \u00e0 l\u2019ONU. Ce dernier a \u00e9t\u00e9 charg\u00e9 de pr\u00e9sider une commission form\u00e9e de plusieurs experts et des universitaires qui sera charg\u00e9e d\u2019\u00e9laborer une nouvelle constitution, selon une d\u00e9p\u00eache de l\u2019Agence officielle. La rencontre a eu lieu en pr\u00e9sence du directeur de cabinet de la Pr\u00e9sidence de la R\u00e9publique Noureddine Ayadi. Le ministre conseiller \u00e0 la communication, porte-parole de la Pr\u00e9sidence de la R\u00e9publique a \u00e9galement particip\u00e9 \u00e0 cette rencontre. La commission que pr\u00e9sidera le Pr Ahmed Laraba remettra au Pr\u00e9sident de la R\u00e9publique ses propositions sur la r\u00e9vision de la constitution. Le Comit\u00e9 est pr\u00e9sid\u00e9 par M. Ahmed Laraba, professeur de Droit international public, membre de la Commission du Droit international de l\u2019ONU. Le Rapporteur g\u00e9n\u00e9ral du Comit\u00e9 est M. Walid Laggoune, professeur de Droit public, Universit\u00e9 d\u2019Alger. Les autres membres sont : \u2013 M. Abdelkader Ghaitaoui, professeur de Droit, Universit\u00e9 d\u2019Adrar. \u2013 Mme Souad Ghaouti, professeure de Droit, Universit\u00e9 d\u2019Alger. \u2013 M. Bachir Yelles Chaouche, professeur de Droit, Universit\u00e9 d\u2019Oran. \u2013 M. Mostapha Kharradji, professeur de Droit, Universit\u00e9 de Sidi-Bel-Abb\u00e8s. \u2013 Mme Maya Sahli, professeure de Droit, Universit\u00e9 d\u2019Alger, membre de la Commission africaine des Droits de l\u2019Homme. \u2013 M. Abdelhak Morsli, professeur de Droit, Universit\u00e9 de Tamanrasset. \u2013 M. Naceredine Bentifour, professeur de Droit, Universit\u00e9 de Tlemcen. \u2013 Mme Djazia Sach Lecheheb, professeure de Droit, Universit\u00e9 de S\u00e9tif. \u2013 Mme Samia Samry, professeure de Droit, Universit\u00e9 d\u2019Alger. \u2013 M. Karim Khelfan, professeur de Droit, Universit\u00e9 de Tizi-Ouzou. \u2013 Mme Zahia Moussa, professeure de Droit, Universit\u00e9 de Constantine. \u2013 M. Abderrahmane Bendjilali, ma\u00eetre de conf\u00e9rences, Universit\u00e9 de Khemis Meliana. \u2013 Mme Nabila Ladraa, ma\u00eetre de conf\u00e9rences, Universit\u00e9 de Tipaza. \u2013 M. Mosbah Omenass, ma\u00eetre de conf\u00e9rences, Universit\u00e9 d\u2019Alger. \u2013 M. Fatsah Ouguergouz, docteur de Droit, Gen\u00e8ve, ancien juge \u00e0 la Cour africaine des Droits de l\u2019Homme.<\/div>\n<\/div>\n<p>Auteur: Ismain<br \/>\n<a href=\"https:\/\/www.reflexiondz.net\/REVISION-DE-LA-CONSTITUTION-Tebboune-charge-une-commission-d-experts_a59895.html\">Cliquez ici pour lire l&rsquo;article depuis sa source.<\/a><\/p>\n","protected":false},"excerpt":{"rendered":"<p>En effet, selon un communiqu\u00e9 de la pr\u00e9sidence de la R\u00e9publique,\u00a0 Le pr\u00e9sident de la R\u00e9publique Abdelmadjid Tebboune a re\u00e7u mercredi, Ahmed Laraba professeur d\u2019universit\u00e9, membre de la commission du droit international \u00e0 l\u2019ONU. Ce dernier a \u00e9t\u00e9 charg\u00e9 de pr\u00e9sider une commission form\u00e9e de plusieurs experts et des universitaires qui sera charg\u00e9e d\u2019\u00e9laborer une [&hellip;]<\/p>\n","protected":false},"author":1740,"featured_media":0,"comment_status":"closed","ping_status":"closed","sticky":false,"template":"","format":"standard","meta":{"fifu_image_url":"","fifu_image_alt":"","footnotes":""},"categories":[53,76],"tags":[],"class_list":["post-72476","post","type-post","status-publish","format-standard","hentry","category-algerie","category-regions"],"_links":{"self":[{"href":"https:\/\/linitiative.ca\/International\/wp-json\/wp\/v2\/posts\/72476","targetHints":{"allow":["GET"]}}],"collection":[{"href":"https:\/\/linitiative.ca\/International\/wp-json\/wp\/v2\/posts"}],"about":[{"href":"https:\/\/linitiative.ca\/International\/wp-json\/wp\/v2\/types\/post"}],"author":[{"embeddable":true,"href":"https:\/\/linitiative.ca\/International\/wp-json\/wp\/v2\/users\/1740"}],"replies":[{"embeddable":true,"href":"https:\/\/linitiative.ca\/International\/wp-json\/wp\/v2\/comments?post=72476"}],"version-history":[{"count":0,"href":"https:\/\/linitiative.ca\/International\/wp-json\/wp\/v2\/posts\/72476\/revisions"}],"wp:attachment":[{"href":"https:\/\/linitiative.ca\/International\/wp-json\/wp\/v2\/media?parent=72476"}],"wp:term":[{"taxonomy":"category","embeddable":true,"href":"https:\/\/linitiative.ca\/International\/wp-json\/wp\/v2\/categories?post=72476"},{"taxonomy":"post_tag","embeddable":true,"href":"https:\/\/linitiative.ca\/International\/wp-json\/wp\/v2\/tags?post=72476"}],"curies":[{"name":"wp","href":"https:\/\/api.w.org\/{rel}","templated":true}]}}