{"id":72484,"date":"2020-01-08T11:40:00","date_gmt":"2020-01-08T16:40:00","guid":{"rendered":"https:\/\/linitiative.ca\/International\/ferid-ben-brahim-2020-lannee-de-tous-les-dangers\/"},"modified":"2020-01-08T11:40:00","modified_gmt":"2020-01-08T16:40:00","slug":"ferid-ben-brahim-2020-lannee-de-tous-les-dangers","status":"publish","type":"post","link":"https:\/\/linitiative.ca\/International\/ferid-ben-brahim-2020-lannee-de-tous-les-dangers\/","title":{"rendered":"F\u00e9rid Ben Brahim  &#8211; 2020 : l\u2019ann\u00e9e de tous les dangers"},"content":{"rendered":"<p><em>\u00ab\u00a0Il n\u2019est pas n\u00e9cessaire \u00e0 un prince de poss\u00e9der toutes les vertus mais il est imp\u00e9ratif qu\u2019il paraisse les avoir.\u00a0\u00bb<\/em><br \/><strong>Nicolas Machiavel, le Prince Chapitre XIII<\/strong><\/p>\n<p><img decoding=\"async\" src=\"\/uploads\/FCK_files\/F%C3%A9rid-Ben-Brahim.jpg\" width=\"30%\" vspace=\"5\" hspace=\"5\" align=\"right\" alt=\"\"\/>Au sortir d\u2019une ann\u00e9e 2019 qui aura connu le d\u00e9c\u00e8s d\u2019une figure tut\u00e9laire de la Tunisie et un gouvernement qui aura eu l\u2019assiduit\u00e9 de bien prendre les d\u00e9cisions les plus l\u00e9thargiques de ces derni\u00e8res ann\u00e9es dans le domaine \u00e9conomique, n\u2019ayant pas os\u00e9 les n\u00e9cessaires r\u00e9formes de rupture\u00a0; le pays sort exsangue financi\u00e8rement et encore plus moralement.<br \/>Un nouveau gouvernement est dans les chaudrons. Qu\u2019elles que soient les \u00e9pices qui serviront \u00e0 mitonner cette structure, pour le bien du pays nous lui souhaitons bonne route et bonne chance. La Tunisie est arriv\u00e9e aux limites de ce qu\u2019elle peut supporter.<\/p>\n<p>En Libye, les bruits de guerre se font de plus en plus entendre. Aux bottes ottomanes les brodequins \u00e9gyptiens font \u00e9cho. Nous sommes aux portes d\u2019un\u00a0 conflit qui, s\u2019il se d\u00e9clenche, sera l&rsquo;un des plus meurtriers dans le monde arabe. Tous les ingr\u00e9dients, politiques, sociaux, ethniques, sont l\u00e0 pour rendre la situation insoluble et l\u2019impact sur notre \u00e9conomie d\u00e9sastreux.<\/p>\n<p>Au Moyen-Orient, le conflit am\u00e9ricain fait \u00e9cho aux provocations de ses ennemis. La cons\u00e9quence en est la hausse du prix du baril de p\u00e9trole et la prime de risque qui s\u2019\u00e9largit sur toute la zone \u00ab\u00a0Middle East North Africa\u00a0\u00bb, la Tunisie en paiera malheureusement le prix fort.<\/p>\n<p>A l\u2019int\u00e9rieur du pays les contraintes qui vont peser sur le nouveau gouvernement sont oppressantes: l\u2019Etat Tunisien doit rembourser l\u2019\u00e9quivalent en devises de 6,6 milliards de dinars, le d\u00e9ficit budg\u00e9taire r\u00e9el pour 2019 est de l\u2019ordre de 5%, le d\u00e9ficit de la balance commerciale devrait fr\u00f4ler les 20 milliards de dinars et la croissance du PIB 2019 en volume se stabilisera \u00e0 1,1%. L\u2019inflation se stabilise \u00e0 un niveau \u00e9lev\u00e9 avec une hausse des prix des produits alimentaires, celle que per\u00e7oit en premier le citoyen, de plus de 13% sur un an. Tout ceci se pr\u00e9sente dans un environnement social o\u00f9 la pauvret\u00e9 explose avec une disparit\u00e9 choquante (10% des enfants des r\u00e9gions d\u00e9favoris\u00e9es sont en malnutrition- MICS Tunisie 2018).<\/p>\n<p>Nous n\u2019avons pas d\u2019autres choix que de sortir par le haut avec quelques principes de base:<\/p>\n<p><span class=\"c2\"><strong>\u2022<\/strong><\/span> redonner confiance en l\u2019Etat Tunisien qui en retour devra \u00eatre plus et mieux au service des citoyens,<br \/><span class=\"c2\"><strong>\u2022<\/strong><\/span> r\u00e9tablir le sentiment d\u2019\u00e9galit\u00e9 des chances entre les r\u00e9gions par des d\u00e9cisions rapides, visibles et concr\u00e8tes,<br \/><span class=\"c2\"><strong>\u2022<\/strong><\/span> d\u00e9gager les ressources n\u00e9cessaires pour que l\u2019investissement productif se fasse sentir et que les chantiers et autres investissements de l\u2019Etat soient visiblement men\u00e9s et termin\u00e9s,<br \/><span class=\"c2\"><strong>\u2022<\/strong><\/span> prendre des mesures fiscales et sociales temporaires pour que l\u2019investissement priv\u00e9 red\u00e9marre en 2020 et 2021,<br \/><span class=\"c2\"><strong>\u2022<\/strong><\/span> se financer sur les march\u00e9s ext\u00e9rieurs aupr\u00e8s de sources bilat\u00e9rales (Chine\u00a0?) pour un montant suffisamment \u00e9lev\u00e9 pour faire la jonction avec les besoins 2020-2024.<\/p>\n<p class=\"c3\"><em>\u00a08 janvier 2020<\/em><br \/><strong><strong>F\u00e9rid<\/strong> Ben Brahim<\/strong><br \/>\u00a0<\/p>\n<p>Auteur:<br \/>\n<a href=\"https:\/\/www.leaders.com.tn\/article\/28817-ferid-ben-brahim-2020-l-annee-de-tous-les-dangers\">Cliquez ici pour lire l&rsquo;article depuis sa source.<\/a><\/p>\n","protected":false},"excerpt":{"rendered":"<p>\u00ab\u00a0Il n\u2019est pas n\u00e9cessaire \u00e0 un prince de poss\u00e9der toutes les vertus mais il est imp\u00e9ratif qu\u2019il paraisse les avoir.\u00a0\u00bbNicolas Machiavel, le Prince Chapitre XIII Au sortir d\u2019une ann\u00e9e 2019 qui aura connu le d\u00e9c\u00e8s d\u2019une figure tut\u00e9laire de la Tunisie et un gouvernement qui aura eu l\u2019assiduit\u00e9 de bien prendre les d\u00e9cisions les plus [&hellip;]<\/p>\n","protected":false},"author":1772,"featured_media":72485,"comment_status":"closed","ping_status":"closed","sticky":false,"template":"","format":"standard","meta":{"fifu_image_url":"","fifu_image_alt":"","footnotes":""},"categories":[73,55],"tags":[],"class_list":["post-72484","post","type-post","status-publish","format-standard","has-post-thumbnail","hentry","category-actualite","category-tunisie"],"_links":{"self":[{"href":"https:\/\/linitiative.ca\/International\/wp-json\/wp\/v2\/posts\/72484","targetHints":{"allow":["GET"]}}],"collection":[{"href":"https:\/\/linitiative.ca\/International\/wp-json\/wp\/v2\/posts"}],"about":[{"href":"https:\/\/linitiative.ca\/International\/wp-json\/wp\/v2\/types\/post"}],"author":[{"embeddable":true,"href":"https:\/\/linitiative.ca\/International\/wp-json\/wp\/v2\/users\/1772"}],"replies":[{"embeddable":true,"href":"https:\/\/linitiative.ca\/International\/wp-json\/wp\/v2\/comments?post=72484"}],"version-history":[{"count":0,"href":"https:\/\/linitiative.ca\/International\/wp-json\/wp\/v2\/posts\/72484\/revisions"}],"wp:featuredmedia":[{"embeddable":true,"href":"https:\/\/linitiative.ca\/International\/wp-json\/"}],"wp:attachment":[{"href":"https:\/\/linitiative.ca\/International\/wp-json\/wp\/v2\/media?parent=72484"}],"wp:term":[{"taxonomy":"category","embeddable":true,"href":"https:\/\/linitiative.ca\/International\/wp-json\/wp\/v2\/categories?post=72484"},{"taxonomy":"post_tag","embeddable":true,"href":"https:\/\/linitiative.ca\/International\/wp-json\/wp\/v2\/tags?post=72484"}],"curies":[{"name":"wp","href":"https:\/\/api.w.org\/{rel}","templated":true}]}}