{"id":72486,"date":"2020-01-08T12:50:00","date_gmt":"2020-01-08T17:50:00","guid":{"rendered":"https:\/\/linitiative.ca\/International\/dans-une-conference-de-presse-carlos-ghosn-explique-le-pourquoi-de-sa-fuite-mais-se-garde-den-devoiler-le-comment\/"},"modified":"2020-01-08T12:50:00","modified_gmt":"2020-01-08T17:50:00","slug":"dans-une-conference-de-presse-carlos-ghosn-explique-le-pourquoi-de-sa-fuite-mais-se-garde-den-devoiler-le-comment","status":"publish","type":"post","link":"https:\/\/linitiative.ca\/International\/dans-une-conference-de-presse-carlos-ghosn-explique-le-pourquoi-de-sa-fuite-mais-se-garde-den-devoiler-le-comment\/","title":{"rendered":"Dans une conf\u00e9rence de presse, Carlos Ghosn  explique \u00able pourquoi de sa fuite, mais se garde d&rsquo;en d\u00e9voiler le comment\u00bb"},"content":{"rendered":"<p>Carlos Ghosn, l\u2019ex-patron de Renault-Nissan qui avait r\u00e9ussi sa fuite invraisemblable du Japon, a tenu ce mercredi sa conf\u00e9rence de presse tant attendue. Il s\u2019est exprim\u00e9 depuis Beyrouth dans l\u2019espoir de se blanchir des accusations japonaises concernant des malversations financi\u00e8res.<\/p>\n<p>Cette conf\u00e9rence qui \u00e9tait tr\u00e8s attendue attendue a attir\u00e9 des dizaines de journalistes des 4 coins du monde. En tout, 150 journalistes ont \u00e9t\u00e9 autoris\u00e9s \u00e0 entrer, avec 50 m\u00e9dias accr\u00e9dit\u00e9s.<\/p>\n<p>D\u2019embl\u00e9e, Ghosn a d\u00e9voil\u00e9 les raisons de son \u00ab\u00e9vasion\u00bb.\u00abJe suis l\u00e0 pour parler de pourquoi je suis parti mais pas comment \u00bb. Il a r\u00e9it\u00e9r\u00e9 son accusation contre le syst\u00e8me juridique nippon, le qualifiant de \u00ab partial et injuste \u00bb.<\/p>\n<p>L\u2019ancien PDG de l\u2019Alliance Renaut-Nissan a notamment pr\u00e9sent\u00e9 aux m\u00e9dias des documents appuyant son innocence. Il a ajout\u00e9 qu\u2019il \u00e9tait \u00ab l&rsquo;otage d\u2019un syst\u00e8me judiciaire nippon partial\u00bb.<\/p>\n<p>Depuis le d\u00e9but de l\u2019affaire, il n&rsquo;avait cess\u00e9 de clamer son innocence,s&rsquo;estimant victime d\u2019un \u2018\u2019complot\u2019\u2019 de la part de Nissan et des procureurs des collisions, qui \u00abs\u2019acharnent\u00bb \u00e0 le faire tomber injustement, tout en donnant une dimension politique \u00e0 son arrestation. Ghosn a, par ailleurs, tent\u00e9 de d\u00e9montrer qu\u2019on voulait \u2018\u2019l\u2019\u00e9vincer\u2019\u2019 afin d\u2019emp\u00eacher la fusion Renault-Nissan mal accept\u00e9e par les Japonais. Il a d\u00e9nonc\u00e9 \u00abdes conditions de d\u00e9tention dures et inhumaines, le privant de ses plus simples droits humains\u00ab. \u00ab Ils savaient qu&rsquo;en m&rsquo;interdisant d&rsquo;avoir une vie normale, ils me briseraient \u00bb. Il \u00e9voquera alors le mandat d&rsquo;arr\u00eat international lanc\u00e9 contre sa femme Carole Ghosn qu&rsquo;il n&rsquo;a \u00e9t\u00e9 autoris\u00e9 \u00e0 la voir que pendant deux heures uniquement en pr\u00e9sence d\u2019un avocat, pendant les neuf mois de sa d\u00e9tention.\u00a0<\/p>\n<p>Il a expliqu\u00e9 sa fuite par le fait que \u00ab que son affaire n\u2019allait pas \u00eatre trait\u00e9e de mani\u00e8re juste,\u00a0 mes avocats m\u2019ont inform\u00e9 que j\u2019allais \u00eatre dans cette situation pendant au moins quatre \u00e0 cinq ans. Ma fuite se pr\u00e9sentait alors comme une \u00e9vidence, et c\u2019\u00e9tait la d\u00e9cision la plus difficile que j\u2019\u00e9tais amen\u00e9 \u00e0 prendre.\u00bb<br \/>Tout en refusant cat\u00e9goriquement de donner des noms au sein du gouvernement japonais \u00bbpar respect au Liban, son peuple et ses int\u00e9r\u00eats \u00bb l&rsquo;ex-PDG a cit\u00e9 sans h\u00e9sitation des personnalit\u00e9s qu\u2019il assure \u00eatre responsables de sa chute. Il a accus\u00e9 alors directement\u00a0 l&rsquo;actuel PDG de Nissan, Hiroto Saikawa, le responsable la communication et des relations avec le gouvernement au sein de Nissan Hitoshi Kawaguchi, et Hidetoshi Imazu, ancien cadre dans l&rsquo;entreprise japonaise.\u00a0<\/p>\n<p><strong>\u00a0\u00a0\u00a0\u00a0\u00a0\u00a0\u00a0\u00a0\u00a0\u00a0\u00a0\u00a0\u00a0\u00a0\u00a0\u00a0\u00a0\u00a0\u00a0\u00a0\u00a0\u00a0\u00a0\u00a0\u00a0\u00a0\u00a0\u00a0\u00a0\u00a0\u00a0\u00a0\u00a0\u00a0\u00a0\u00a0\u00a0\u00a0\u00a0\u00a0\u00a0\u00a0\u00a0\u00a0\u00a0\u00a0\u00a0\u00a0\u00a0\u00a0\u00a0\u00a0\u00a0\u00a0\u00a0\u00a0\u00a0\u00a0\u00a0\u00a0\u00a0\u00a0\u00a0\u00a0\u00a0\u00a0\u00a0\u00a0\u00a0\u00a0\u00a0\u00a0\u00a0\u00a0\u00a0\u00a0\u00a0\u00a0\u00a0\u00a0\u00a0\u00a0\u00a0\u00a0\u00a0\u00a0\u00a0\u00a0\u00a0\u00a0\u00a0\u00a0\u00a0\u00a0\u00a0\u00a0\u00a0\u00a0\u00a0\u00a0\u00a0\u00a0\u00a0\u00a0\u00a0\u00a0\u00a0\u00a0\u00a0\u00a0\u00a0\u00a0\u00a0\u00a0\u00a0\u00a0\u00a0\u00a0\u00a0\u00a0\u00a0\u00a0\u00a0\u00a0\u00a0\u00a0\u00a0\u00a0\u00a0\u00a0\u00a0\u00a0\u00a0\u00a0\u00a0\u00a0\u00a0\u00a0\u00a0\u00a0\u00a0<br \/><\/strong><\/p>\n<p>Auteur:<br \/>\n<a href=\"https:\/\/www.leaders.com.tn\/article\/28815-dans-une-conference-de-presse-carlos-ghosn-explique-le-pourquoi-de-sa-fuite-mais-se-garde-d-en-devoiler-le-comment\">Cliquez ici pour lire l&rsquo;article depuis sa source.<\/a><\/p>\n","protected":false},"excerpt":{"rendered":"<p>Carlos Ghosn, l\u2019ex-patron de Renault-Nissan qui avait r\u00e9ussi sa fuite invraisemblable du Japon, a tenu ce mercredi sa conf\u00e9rence de presse tant attendue. Il s\u2019est exprim\u00e9 depuis Beyrouth dans l\u2019espoir de se blanchir des accusations japonaises concernant des malversations financi\u00e8res. Cette conf\u00e9rence qui \u00e9tait tr\u00e8s attendue attendue a attir\u00e9 des dizaines de journalistes des 4 [&hellip;]<\/p>\n","protected":false},"author":1772,"featured_media":0,"comment_status":"closed","ping_status":"closed","sticky":false,"template":"","format":"standard","meta":{"fifu_image_url":"","fifu_image_alt":"","footnotes":""},"categories":[73,55],"tags":[],"class_list":["post-72486","post","type-post","status-publish","format-standard","hentry","category-actualite","category-tunisie"],"_links":{"self":[{"href":"https:\/\/linitiative.ca\/International\/wp-json\/wp\/v2\/posts\/72486","targetHints":{"allow":["GET"]}}],"collection":[{"href":"https:\/\/linitiative.ca\/International\/wp-json\/wp\/v2\/posts"}],"about":[{"href":"https:\/\/linitiative.ca\/International\/wp-json\/wp\/v2\/types\/post"}],"author":[{"embeddable":true,"href":"https:\/\/linitiative.ca\/International\/wp-json\/wp\/v2\/users\/1772"}],"replies":[{"embeddable":true,"href":"https:\/\/linitiative.ca\/International\/wp-json\/wp\/v2\/comments?post=72486"}],"version-history":[{"count":0,"href":"https:\/\/linitiative.ca\/International\/wp-json\/wp\/v2\/posts\/72486\/revisions"}],"wp:attachment":[{"href":"https:\/\/linitiative.ca\/International\/wp-json\/wp\/v2\/media?parent=72486"}],"wp:term":[{"taxonomy":"category","embeddable":true,"href":"https:\/\/linitiative.ca\/International\/wp-json\/wp\/v2\/categories?post=72486"},{"taxonomy":"post_tag","embeddable":true,"href":"https:\/\/linitiative.ca\/International\/wp-json\/wp\/v2\/tags?post=72486"}],"curies":[{"name":"wp","href":"https:\/\/api.w.org\/{rel}","templated":true}]}}