{"id":72487,"date":"2020-01-08T13:31:00","date_gmt":"2020-01-08T18:31:00","guid":{"rendered":"https:\/\/linitiative.ca\/International\/le-cercle-kheireddine-et-le-forum-ibn-khaldoun-organisent-une-conference-debat-sur-la-soutenabilite-de-la-dette-tunisienne\/"},"modified":"2020-01-08T13:31:00","modified_gmt":"2020-01-08T18:31:00","slug":"le-cercle-kheireddine-et-le-forum-ibn-khaldoun-organisent-une-conference-debat-sur-la-soutenabilite-de-la-dette-tunisienne","status":"publish","type":"post","link":"https:\/\/linitiative.ca\/International\/le-cercle-kheireddine-et-le-forum-ibn-khaldoun-organisent-une-conference-debat-sur-la-soutenabilite-de-la-dette-tunisienne\/","title":{"rendered":"Le Cercle Kheireddine et le Forum Ibn Khaldoun organisent une conf\u00e9rence-d\u00e9bat sur la soutenabilit\u00e9 de la dette tunisienne"},"content":{"rendered":"<p>Depuis 2011, la Tunisie est entr\u00e9e dans une p\u00e9riode d\u2019endettement croissant \u00e0 un rythme tr\u00e8s rapide. Non pour financer ses investissements, mais ses d\u00e9penses improductives : masse salariale du secteur public et d\u00e9penses de compensation, notamment \u00e9nerg\u00e9tiques.<\/p>\n<p>Compte tenu de ses d\u00e9ficits ext\u00e9rieurs et de la tr\u00e8s grave d\u00e9t\u00e9rioration de son solde courant, le pays a de plus en plus tendance \u00e0 recourir \u00e0 des financements ext\u00e9rieurs.<\/p>\n<p>La dette ext\u00e9rieure totale (celle de l\u2019Etat et des entreprises) a atteint plus de 78 milliards de dinars en 2018, soit 74 % du PIB ; quant au service de cette dette,\u00a0 il a connu un bond spectaculaire \u00e0 partir de 2017 : un doublement par rapport \u00e0 la moyenne 2011-2015. Les ann\u00e9es 2020-2025 sont des ann\u00e9es de fortes tensions sur les finances externes de la Tunisie : au taux de change actuel du dinar vis-\u00e0-vis des principales monnaies internationales, un montant annuel moyen de 10 milliards de dinars devra \u00eatre rembours\u00e9 aux cr\u00e9anciers, soit le triple de la moyenne 2011-2015.<\/p>\n<p>Compte tenu de la rigidit\u00e9 de son cadre macro-financier (en particulier, une croissance molle, un d\u00e9ficit \u00e9nerg\u00e9tique incompressible \u00e0 moyen terme s\u2019\u00e9tablissant \u00e0 un minimum de 7 % du PIB), la Tunisie ne pourra honorer sa dette sans lever des fonds aupr\u00e8s de ses partenaires internationaux d\u2019un montant avoisinant le service de sa dette.<\/p>\n<p>A ce jour,\u00a0 rien n\u2019est pr\u00e9visible. Le Fonds Mon\u00e9taire International n\u2019a pas proc\u00e9d\u00e9 aux d\u00e9caissements programm\u00e9s, consid\u00e9rant que les r\u00e9formes et les mesures de redressement n\u2019ont pas \u00e9t\u00e9 mises en \u0153uvre.<\/p>\n<p>Les autres institutions financi\u00e8res internationales ou r\u00e9gionales ont, certes d\u00e9caiss\u00e9 les pr\u00eats programm\u00e9s, mais partagent\u00a0 la m\u00eame analyse. M\u00eame si elles venaient \u00e0 modifier leur diagnostic, se pose la question de notre exposition \/pays qui viendra limiter leurs engagements nouveaux en faveur de la Tunisie.\u00a0 Tous les sc\u00e9narios sont possibles.<\/p>\n<p>L\u2019objet de la rencontre qu\u2019organisent le Cercle Kheireddine et le Forum Ibn Khaldoun au si\u00e8ge de l\u2019UTICA, Cit\u00e9 El Khadra. &#8211; Samedi 18 janvier de 9h \u00e0 12 h est de pr\u00e9senter l\u2019\u00e9tat des lieux de la dette tunisienne et de son \u00e9ch\u00e9ancier de remboursement \u00e0 moyen terme\u00a0 et d\u2019examiner sa soutenabilit\u00e9 au regard de diff\u00e9rents sc\u00e9narios.\u00a0 Il consiste \u00e9galement \u00e0 d\u00e9gager les voies et les moyens qui sont de nature \u00e0 pr\u00e9server la soutenabilit\u00e9 de notre dette \u00e0 moyen et long termes et \u00e0 inscrire la Tunisie dans une trajectoire de croissance durable.<\/p>\n<p>Deux conf\u00e9rences introductives sont programm\u00e9es:<\/p>\n<p><span class=\"c2\"><strong>\u2022<\/strong><\/span> \u00ab La dette ext\u00e9rieure: pr\u00e9sentation et diagnostic \u00bb par Madame Lamia Zribi. Ancienne Ministre des Finances,<\/p>\n<p><span class=\"c2\"><strong>\u2022<\/strong><\/span> \u00ab La dette ext\u00e9rieure: ses d\u00e9fis et les moyens de les surmonter \u00bb par Monsieur Abdelhamid Triki. Ancien Ministre du Plan et de la Coop\u00e9ration Internationale.<\/p>\n<p>Monsieur Mahmoud Ben Romdhane, Pr\u00e9sident du Conseil d\u2019Orientation Strat\u00e9gique du Cercle Kheireddine, est le mod\u00e9rateur de cette rencontre.<\/p>\n<p>Auteur:<br \/>\n<a href=\"https:\/\/www.leaders.com.tn\/article\/28822-le-cercle-kheireddine-et-le-forum-ibn-khaldoun-organisent-une-conference-debat-sur-la-soutenabilite-de-la-dette-tunisienne\">Cliquez ici pour lire l&rsquo;article depuis sa source.<\/a><\/p>\n","protected":false},"excerpt":{"rendered":"<p>Depuis 2011, la Tunisie est entr\u00e9e dans une p\u00e9riode d\u2019endettement croissant \u00e0 un rythme tr\u00e8s rapide. Non pour financer ses investissements, mais ses d\u00e9penses improductives : masse salariale du secteur public et d\u00e9penses de compensation, notamment \u00e9nerg\u00e9tiques. Compte tenu de ses d\u00e9ficits ext\u00e9rieurs et de la tr\u00e8s grave d\u00e9t\u00e9rioration de son solde courant, le pays [&hellip;]<\/p>\n","protected":false},"author":1772,"featured_media":0,"comment_status":"closed","ping_status":"closed","sticky":false,"template":"","format":"standard","meta":{"fifu_image_url":"","fifu_image_alt":"","footnotes":""},"categories":[73,55],"tags":[],"class_list":["post-72487","post","type-post","status-publish","format-standard","hentry","category-actualite","category-tunisie"],"_links":{"self":[{"href":"https:\/\/linitiative.ca\/International\/wp-json\/wp\/v2\/posts\/72487","targetHints":{"allow":["GET"]}}],"collection":[{"href":"https:\/\/linitiative.ca\/International\/wp-json\/wp\/v2\/posts"}],"about":[{"href":"https:\/\/linitiative.ca\/International\/wp-json\/wp\/v2\/types\/post"}],"author":[{"embeddable":true,"href":"https:\/\/linitiative.ca\/International\/wp-json\/wp\/v2\/users\/1772"}],"replies":[{"embeddable":true,"href":"https:\/\/linitiative.ca\/International\/wp-json\/wp\/v2\/comments?post=72487"}],"version-history":[{"count":0,"href":"https:\/\/linitiative.ca\/International\/wp-json\/wp\/v2\/posts\/72487\/revisions"}],"wp:attachment":[{"href":"https:\/\/linitiative.ca\/International\/wp-json\/wp\/v2\/media?parent=72487"}],"wp:term":[{"taxonomy":"category","embeddable":true,"href":"https:\/\/linitiative.ca\/International\/wp-json\/wp\/v2\/categories?post=72487"},{"taxonomy":"post_tag","embeddable":true,"href":"https:\/\/linitiative.ca\/International\/wp-json\/wp\/v2\/tags?post=72487"}],"curies":[{"name":"wp","href":"https:\/\/api.w.org\/{rel}","templated":true}]}}