{"id":72490,"date":"2020-01-08T05:00:00","date_gmt":"2020-01-08T10:00:00","guid":{"rendered":"https:\/\/linitiative.ca\/International\/campagne-dinformation-sur-la-das-2019\/"},"modified":"2020-01-08T05:00:00","modified_gmt":"2020-01-08T10:00:00","slug":"campagne-dinformation-sur-la-das-2019","status":"publish","type":"post","link":"https:\/\/linitiative.ca\/International\/campagne-dinformation-sur-la-das-2019\/","title":{"rendered":"Campagne d\u2019information sur la DAS\/2019"},"content":{"rendered":"<p>A l\u2019instar des autres Caisses de s\u00e9curit\u00e9 sociale du pays, l\u2019agence Cnas de la wilaya de Na\u00e2ma, a organis\u00e9 une campagne d\u2019information et de sensibilisation sur les modalit\u00e9s de l\u2019op\u00e9ration de la d\u00e9claration annuelle des salaires et des salari\u00e9s (DAS-2019), et l\u2019obligation des cotisations.<br \/>Dans le but d\u2019inciter et mieux informer les employeurs directement concern\u00e9s sur les d\u00e9clarations annuelles, la Caisse a invit\u00e9 la presse \u00e9crite et la radio-r\u00e9gionale de Na\u00e2ma, pour une couverture de ces journ\u00e9es. Cette large campagne qui touchera autant que possible les employeurs de tous secteurs confondus, s\u2019\u00e9talera sur plusieurs semaines (du 22 d\u00e9cembre 2019 au 31 janvier 2020), \u00e0 travers toutes les agences de wilaya. L\u2019impact de ces journ\u00e9es d\u2019information, consiste \u00e0 inviter tous les employeurs \u00e0 d\u00e9poser la DAS- 2019, dans les d\u00e9lais r\u00e9gis par la r\u00e9glementation, soit avant le 31 janvier 2020, via le portail de la t\u00e9l\u00e9d\u00e9claration (lchtiraket.com) ou https : teledeclaration.cnas.dz), disponible sur le site web de la Cnas, comme elles consistent \u00e0 l\u2019identification des travailleurs, \u00e0 la garantie de leurs droits et, lutter de ce fait, contre le travail au noir. Pour rappel, depuis l\u2019instauration par la tutelle du site web con\u00e7u pour les d\u00e9clarations des cotisations \u00e0 distance, la Cnas a mis tous les moyens n\u00e9cessaires (humain et mat\u00e9riel), afin de faciliter la t\u00e2che aux employeurs pour la t\u00e9l\u00e9d\u00e9claration des cotisations \u00e0 travers la mise en place d\u2019un site compl\u00e8tement s\u00e9curis\u00e9, ouvert H\/24, 7j\/7. Cette nouvelle proc\u00e9dure qui rentre dans le cadre de la strat\u00e9gie de modernisation et de l\u2019am\u00e9lioration des prestations de service, a \u00e9t\u00e9 bien accueillie chez les employeurs. Elle simplifierait, sans doute, les d\u00e9marches dans la rapidit\u00e9 de traitement des cotisations, voire m\u00eame le gain du temps. Notons enfin, que des avis, des recommandations et des affiches sont placard\u00e9s \u00e0 travers l\u2019ensemble du territoire de la wilaya, ainsi que la mise \u00e0 disposition des d\u00e9pliants \u00e0 travers les centres payeurs Cnas et les entreprises, permettant ainsi aux employeurs de mieux s\u2019informer sur ce qui les lient \u00e0 la Caisse de s\u00e9curit\u00e9 sociale.<br \/>B. Henine<\/p>\n<p>Auteur:<br \/>\n<a href=\"https:\/\/www.lesoirdalgerie.com\/regions\/campagne-dinformation-sur-la-das-2019-36612\">Cliquez ici pour lire l&rsquo;article depuis sa source.<\/a><\/p>\n","protected":false},"excerpt":{"rendered":"<p>A l\u2019instar des autres Caisses de s\u00e9curit\u00e9 sociale du pays, l\u2019agence Cnas de la wilaya de Na\u00e2ma, a organis\u00e9 une campagne d\u2019information et de sensibilisation sur les modalit\u00e9s de l\u2019op\u00e9ration de la d\u00e9claration annuelle des salaires et des salari\u00e9s (DAS-2019), et l\u2019obligation des cotisations.Dans le but d\u2019inciter et mieux informer les employeurs directement concern\u00e9s sur [&hellip;]<\/p>\n","protected":false},"author":1741,"featured_media":0,"comment_status":"closed","ping_status":"closed","sticky":false,"template":"","format":"standard","meta":{"fifu_image_url":"","fifu_image_alt":"","footnotes":""},"categories":[73,53],"tags":[],"class_list":["post-72490","post","type-post","status-publish","format-standard","hentry","category-actualite","category-algerie"],"_links":{"self":[{"href":"https:\/\/linitiative.ca\/International\/wp-json\/wp\/v2\/posts\/72490","targetHints":{"allow":["GET"]}}],"collection":[{"href":"https:\/\/linitiative.ca\/International\/wp-json\/wp\/v2\/posts"}],"about":[{"href":"https:\/\/linitiative.ca\/International\/wp-json\/wp\/v2\/types\/post"}],"author":[{"embeddable":true,"href":"https:\/\/linitiative.ca\/International\/wp-json\/wp\/v2\/users\/1741"}],"replies":[{"embeddable":true,"href":"https:\/\/linitiative.ca\/International\/wp-json\/wp\/v2\/comments?post=72490"}],"version-history":[{"count":0,"href":"https:\/\/linitiative.ca\/International\/wp-json\/wp\/v2\/posts\/72490\/revisions"}],"wp:attachment":[{"href":"https:\/\/linitiative.ca\/International\/wp-json\/wp\/v2\/media?parent=72490"}],"wp:term":[{"taxonomy":"category","embeddable":true,"href":"https:\/\/linitiative.ca\/International\/wp-json\/wp\/v2\/categories?post=72490"},{"taxonomy":"post_tag","embeddable":true,"href":"https:\/\/linitiative.ca\/International\/wp-json\/wp\/v2\/tags?post=72490"}],"curies":[{"name":"wp","href":"https:\/\/api.w.org\/{rel}","templated":true}]}}