{"id":72491,"date":"2020-01-08T05:00:00","date_gmt":"2020-01-08T10:00:00","guid":{"rendered":"https:\/\/linitiative.ca\/International\/des-parents-interdisent-a-leurs-enfants-daller-a-lecole-a-oued-el-alleug-blida\/"},"modified":"2020-01-08T05:00:00","modified_gmt":"2020-01-08T10:00:00","slug":"des-parents-interdisent-a-leurs-enfants-daller-a-lecole-a-oued-el-alleug-blida","status":"publish","type":"post","link":"https:\/\/linitiative.ca\/International\/des-parents-interdisent-a-leurs-enfants-daller-a-lecole-a-oued-el-alleug-blida\/","title":{"rendered":"Des parents interdisent \u00e0 leurs enfants d\u2019aller \u00e0 l\u2019\u00e9cole \u00e0 Oued El Alleug (Blida)"},"content":{"rendered":"<p>Un grand nombre de citoyens de la commune de Oued El Alleug, \u00e0 15 kilom\u00e8tres au nord de Blida, ont protest\u00e9 hier mardi, pour d\u00e9noncer l\u2019absence de passerelle pour pi\u00e9tons et de ralentisseurs au niveau de la cit\u00e9 dite communale, notamment avec la construction d\u2019une nouvelle route \u00e0 double voie, o\u00f9 les automobilistes y font g\u00e9n\u00e9ralement de la vitesse.<br \/>Craignant pour leurs enfants qui sont oblig\u00e9s de traverser la route, les protestataires avaient exig\u00e9 auparavant la mise en place de ralentisseurs et d\u2019une passerelle, mais jusque-l\u00e0 rien n\u2019a \u00e9t\u00e9 fait, d\u2019o\u00f9 leur mont\u00e9e au cr\u00e9neau. Leur pr\u00e9sence au milieu de la route a paralys\u00e9 quelque peu la circulation.<br \/>Les parents d\u2019\u00e9l\u00e8ves ont fait savoir qu\u2019ils sont tenus de faire traverser journellement leurs enfants pour leur \u00e9viter tout risque d\u2019accident.<br \/>Selon ces derniers, les autorit\u00e9s concern\u00e9es leur ont promis de r\u00e9soudre le probl\u00e8me avant la fin des vacances scolaires d\u2019hiver mais \u00e0 leur grande d\u00e9ception, rien n\u2019a \u00e9t\u00e9 fait. Pour rappel, il y a plusieurs ann\u00e9es, un automobiliste avait \u00e9cras\u00e9 un enfant et la route a \u00e9t\u00e9 bloqu\u00e9e par les habitants de ce quartier.<br \/>Des ralentisseurs ont \u00e9t\u00e9 pos\u00e9s et suite \u00e0 cela, un march\u00e9 de fruits et l\u00e9gumes est n\u00e9 et existe jusqu&rsquo;\u00e0 nos jours, en lieu et place o\u00f9 ces derniers exigent des ralentisseurs.<br \/>M. B.<\/p>\n<p>Auteur:<br \/>\n<a href=\"https:\/\/www.lesoirdalgerie.com\/regions\/des-parents-interdisent-a-leurs-enfants-daller-a-lecole-a-oued-el-alleug-blida-36611\">Cliquez ici pour lire l&rsquo;article depuis sa source.<\/a><\/p>\n","protected":false},"excerpt":{"rendered":"<p>Un grand nombre de citoyens de la commune de Oued El Alleug, \u00e0 15 kilom\u00e8tres au nord de Blida, ont protest\u00e9 hier mardi, pour d\u00e9noncer l\u2019absence de passerelle pour pi\u00e9tons et de ralentisseurs au niveau de la cit\u00e9 dite communale, notamment avec la construction d\u2019une nouvelle route \u00e0 double voie, o\u00f9 les automobilistes y font [&hellip;]<\/p>\n","protected":false},"author":1741,"featured_media":0,"comment_status":"closed","ping_status":"closed","sticky":false,"template":"","format":"standard","meta":{"fifu_image_url":"","fifu_image_alt":"","footnotes":""},"categories":[73,53],"tags":[],"class_list":["post-72491","post","type-post","status-publish","format-standard","hentry","category-actualite","category-algerie"],"_links":{"self":[{"href":"https:\/\/linitiative.ca\/International\/wp-json\/wp\/v2\/posts\/72491","targetHints":{"allow":["GET"]}}],"collection":[{"href":"https:\/\/linitiative.ca\/International\/wp-json\/wp\/v2\/posts"}],"about":[{"href":"https:\/\/linitiative.ca\/International\/wp-json\/wp\/v2\/types\/post"}],"author":[{"embeddable":true,"href":"https:\/\/linitiative.ca\/International\/wp-json\/wp\/v2\/users\/1741"}],"replies":[{"embeddable":true,"href":"https:\/\/linitiative.ca\/International\/wp-json\/wp\/v2\/comments?post=72491"}],"version-history":[{"count":0,"href":"https:\/\/linitiative.ca\/International\/wp-json\/wp\/v2\/posts\/72491\/revisions"}],"wp:attachment":[{"href":"https:\/\/linitiative.ca\/International\/wp-json\/wp\/v2\/media?parent=72491"}],"wp:term":[{"taxonomy":"category","embeddable":true,"href":"https:\/\/linitiative.ca\/International\/wp-json\/wp\/v2\/categories?post=72491"},{"taxonomy":"post_tag","embeddable":true,"href":"https:\/\/linitiative.ca\/International\/wp-json\/wp\/v2\/tags?post=72491"}],"curies":[{"name":"wp","href":"https:\/\/api.w.org\/{rel}","templated":true}]}}