{"id":72494,"date":"2020-01-08T05:00:00","date_gmt":"2020-01-08T10:00:00","guid":{"rendered":"https:\/\/linitiative.ca\/International\/5-personnes-tuees-dans-un-accident-de-la-circulation\/"},"modified":"2020-01-08T05:00:00","modified_gmt":"2020-01-08T10:00:00","slug":"5-personnes-tuees-dans-un-accident-de-la-circulation","status":"publish","type":"post","link":"https:\/\/linitiative.ca\/International\/5-personnes-tuees-dans-un-accident-de-la-circulation\/","title":{"rendered":"5 personnes tu\u00e9es dans un accident de la circulation"},"content":{"rendered":"<p>Rien ne vient endiguer la courbe ascendante du nombre des victimes des accidents dont nos routes sont devenues le th\u00e9\u00e2tre au quotidien.<br \/>Lundi dernier, entre Oued Sly et Chlef, au lieu-dit \u00abLa Caper\u00bb, \u00e0 une dizaine de km \u00e0 l&rsquo;ouest de Chlef, vers 14 h, un v\u00e9hicule de tourisme, une M\u00e9gane, dans lequel se trouvaient 5 passagers a d\u00e9rap\u00e9 sur la RN4 et est all\u00e9 s&rsquo;incruster dans un arbre en bordure de la chauss\u00e9e. Le bilan est lourd car les \u00e9quipes de secours de la Protection civile qui sont intervenu sur le lieu du sinistre, ont extirp\u00e9 de l&rsquo;habitacle, 4 des passagers morts sur le coup, en plus d&rsquo;une cinqui\u00e8me personne souffrant de traumatismes s\u00e9v\u00e8res qui a rendu l\u2019\u00e2me au moment de son arriv\u00e9e aux UMC de l&rsquo;h\u00f4pital de Sobha.<br \/>Les cinq victimes de ce terrible accident sont toutes originaires de la ville de Oued Sly, et \u00e2g\u00e9es de 18 \u00e0 33 ans. Elles ont \u00e9t\u00e9 \u00e9vacu\u00e9es vers la morgue de l&rsquo;h\u00f4pital de Sobha. Les services de la gendarmerie ont ouvert une enqu\u00eate pour d\u00e9terminer les circonstances et les causes pr\u00e9cises qui ont caus\u00e9 ce drame qui vient s&rsquo;ajouter \u00e0 la liste des morts et des bless\u00e9s d\u00e9j\u00e0 longue et qui continue de s&rsquo;allonger.<br \/>Il est utile de rappeler ici cette expression devenue c\u00e9l\u00e8bre formul\u00e9e par un grand responsable de \u00abTarik Salama\u00bb qui d\u00e9clarait : \u00abQuand les conducteurs auront plus peur de l&rsquo;accident que de la casquette du gendarme, le nombre d&rsquo;accident diminuera\u00bb.<br \/>Karim O.<\/p>\n<p>Auteur:<br \/>\n<a href=\"https:\/\/www.lesoirdalgerie.com\/regions\/5-personnes-tuees-dans-un-accident-de-la-circulation-36608\">Cliquez ici pour lire l&rsquo;article depuis sa source.<\/a><\/p>\n","protected":false},"excerpt":{"rendered":"<p>Rien ne vient endiguer la courbe ascendante du nombre des victimes des accidents dont nos routes sont devenues le th\u00e9\u00e2tre au quotidien.Lundi dernier, entre Oued Sly et Chlef, au lieu-dit \u00abLa Caper\u00bb, \u00e0 une dizaine de km \u00e0 l&rsquo;ouest de Chlef, vers 14 h, un v\u00e9hicule de tourisme, une M\u00e9gane, dans lequel se trouvaient 5 [&hellip;]<\/p>\n","protected":false},"author":1741,"featured_media":0,"comment_status":"closed","ping_status":"closed","sticky":false,"template":"","format":"standard","meta":{"fifu_image_url":"","fifu_image_alt":"","footnotes":""},"categories":[73,53],"tags":[],"class_list":["post-72494","post","type-post","status-publish","format-standard","hentry","category-actualite","category-algerie"],"_links":{"self":[{"href":"https:\/\/linitiative.ca\/International\/wp-json\/wp\/v2\/posts\/72494","targetHints":{"allow":["GET"]}}],"collection":[{"href":"https:\/\/linitiative.ca\/International\/wp-json\/wp\/v2\/posts"}],"about":[{"href":"https:\/\/linitiative.ca\/International\/wp-json\/wp\/v2\/types\/post"}],"author":[{"embeddable":true,"href":"https:\/\/linitiative.ca\/International\/wp-json\/wp\/v2\/users\/1741"}],"replies":[{"embeddable":true,"href":"https:\/\/linitiative.ca\/International\/wp-json\/wp\/v2\/comments?post=72494"}],"version-history":[{"count":0,"href":"https:\/\/linitiative.ca\/International\/wp-json\/wp\/v2\/posts\/72494\/revisions"}],"wp:attachment":[{"href":"https:\/\/linitiative.ca\/International\/wp-json\/wp\/v2\/media?parent=72494"}],"wp:term":[{"taxonomy":"category","embeddable":true,"href":"https:\/\/linitiative.ca\/International\/wp-json\/wp\/v2\/categories?post=72494"},{"taxonomy":"post_tag","embeddable":true,"href":"https:\/\/linitiative.ca\/International\/wp-json\/wp\/v2\/tags?post=72494"}],"curies":[{"name":"wp","href":"https:\/\/api.w.org\/{rel}","templated":true}]}}