{"id":72502,"date":"2020-01-08T16:51:55","date_gmt":"2020-01-08T21:51:55","guid":{"rendered":"https:\/\/linitiative.ca\/International\/tunisie-la-retraite-a-57-ans-pour-les-professeurs-et-instituteurs\/"},"modified":"2020-01-08T16:51:55","modified_gmt":"2020-01-08T21:51:55","slug":"tunisie-la-retraite-a-57-ans-pour-les-professeurs-et-instituteurs","status":"publish","type":"post","link":"https:\/\/linitiative.ca\/International\/tunisie-la-retraite-a-57-ans-pour-les-professeurs-et-instituteurs\/","title":{"rendered":"Tunisie \u2013 La retraite \u00e0 57 ans pour les professeurs et instituteurs"},"content":{"rendered":"<div class=\"post-cont-in left relative\">\n<p>Un d\u00e9cret portant sur la consid\u00e9ration du m\u00e9tier d\u2019enseignant comme \u00e9tant un m\u00e9tier p\u00e9nible, a \u00e9t\u00e9 publi\u00e9 sur la derni\u00e8re \u00e9dition du journal officiel.<\/p>\n<div class=\"code-block code-block-1 c3\"><ins class=\"adsbygoogle c2\" data-ad-layout=\"in-article\" data-ad-format=\"fluid\" data-ad-client=\"ca-pub-2102118777505746\" data-ad-slot=\"7301775417\"\/> <\/div>\n<p>De ce fait, et conform\u00e9ment aux dispositions du dit article, les professeurs de l\u2019enseignement secondaire et les instituteurs vont pouvoir b\u00e9n\u00e9ficier de la retraire \u00e0 57 ans, apr\u00e8s 35 ans d\u2019activit\u00e9.<\/p>\n<div class=\"swp_social_panel swp_horizontal_panel swp_flat_fresh swp_default_full_color swp_individual_full_color swp_other_full_color scale-100 scale-\" data-min-width=\"1100\" data-float-color=\"#ffffff\" data-float=\"bottom\" data-float-mobile=\"bottom\" data-transition=\"slide\">\n<div class=\"nc_tweetContainer swp_share_button total_shares total_sharesalt\"><span class=\"swp_count\">8 <span class=\"swp_label\">Partages<\/span><\/span><\/div>\n<\/div>\n<p><strong>Que se passe-t-il en Tunisie?<\/strong><br \/>Nous expliquons sur notre <a href=\"https:\/\/www.youtube.com\/channel\/UCRzypVq0B_yBad5eGrwBx0Q?sub_confirmation=1\" target=\"_blank\" rel=\"noopener noreferrer\">cha\u00eene YouTube<\/a> . <a href=\"https:\/\/www.youtube.com\/channel\/UCRzypVq0B_yBad5eGrwBx0Q?sub_confirmation=1\" target=\"_blank\" rel=\"noopener noreferrer\">Abonnez-vous!<\/a><\/p>\n<div class=\"mvp-org-wrap mvp-org-logo\" itemprop=\"publisher\" itemscope=\"\" itemtype=\"https:\/\/schema.org\/Organization\"><img decoding=\"async\" src=\"https:\/\/www.tunisienumerique.com\/wp-content\/uploads\/2017\/02\/logo_tunisie_numerique.png\"\/><\/div>\n<div class=\"mvp-related-posts left relative\">\n<h4 class=\"post-header\"><span class=\"post-header\">Lire aussi<\/span><\/h4>\n<\/div>\n<\/div>\n<p>Auteur: LM<br \/>\n<a href=\"https:\/\/www.tunisienumerique.com\/tunisie-la-retraite-a-57-ans-pour-les-professeurs-et-instituteurs\/\">Cliquez ici pour lire l&rsquo;article depuis sa source.<\/a><\/p>\n","protected":false},"excerpt":{"rendered":"<p>Un d\u00e9cret portant sur la consid\u00e9ration du m\u00e9tier d\u2019enseignant comme \u00e9tant un m\u00e9tier p\u00e9nible, a \u00e9t\u00e9 publi\u00e9 sur la derni\u00e8re \u00e9dition du journal officiel. De ce fait, et conform\u00e9ment aux dispositions du dit article, les professeurs de l\u2019enseignement secondaire et les instituteurs vont pouvoir b\u00e9n\u00e9ficier de la retraire \u00e0 57 ans, apr\u00e8s 35 ans d\u2019activit\u00e9. [&hellip;]<\/p>\n","protected":false},"author":1789,"featured_media":72503,"comment_status":"closed","ping_status":"closed","sticky":false,"template":"","format":"standard","meta":{"fifu_image_url":"","fifu_image_alt":"","footnotes":""},"categories":[73,55],"tags":[],"class_list":["post-72502","post","type-post","status-publish","format-standard","has-post-thumbnail","hentry","category-actualite","category-tunisie"],"_links":{"self":[{"href":"https:\/\/linitiative.ca\/International\/wp-json\/wp\/v2\/posts\/72502","targetHints":{"allow":["GET"]}}],"collection":[{"href":"https:\/\/linitiative.ca\/International\/wp-json\/wp\/v2\/posts"}],"about":[{"href":"https:\/\/linitiative.ca\/International\/wp-json\/wp\/v2\/types\/post"}],"author":[{"embeddable":true,"href":"https:\/\/linitiative.ca\/International\/wp-json\/wp\/v2\/users\/1789"}],"replies":[{"embeddable":true,"href":"https:\/\/linitiative.ca\/International\/wp-json\/wp\/v2\/comments?post=72502"}],"version-history":[{"count":0,"href":"https:\/\/linitiative.ca\/International\/wp-json\/wp\/v2\/posts\/72502\/revisions"}],"wp:featuredmedia":[{"embeddable":true,"href":"https:\/\/linitiative.ca\/International\/wp-json\/"}],"wp:attachment":[{"href":"https:\/\/linitiative.ca\/International\/wp-json\/wp\/v2\/media?parent=72502"}],"wp:term":[{"taxonomy":"category","embeddable":true,"href":"https:\/\/linitiative.ca\/International\/wp-json\/wp\/v2\/categories?post=72502"},{"taxonomy":"post_tag","embeddable":true,"href":"https:\/\/linitiative.ca\/International\/wp-json\/wp\/v2\/tags?post=72502"}],"curies":[{"name":"wp","href":"https:\/\/api.w.org\/{rel}","templated":true}]}}