{"id":72506,"date":"2020-01-08T16:24:24","date_gmt":"2020-01-08T21:24:24","guid":{"rendered":"https:\/\/linitiative.ca\/International\/boycott-des-legislatives-par-loppositionil-faut-craindre-pour-la-guinee\/"},"modified":"2020-01-08T16:24:24","modified_gmt":"2020-01-08T21:24:24","slug":"boycott-des-legislatives-par-loppositionil-faut-craindre-pour-la-guinee","status":"publish","type":"post","link":"https:\/\/linitiative.ca\/International\/boycott-des-legislatives-par-loppositionil-faut-craindre-pour-la-guinee\/","title":{"rendered":"BOYCOTT DES LEGISLATIVES PAR L\u2019OPPOSITION:Il faut craindre pour la Guin\u00e9e"},"content":{"rendered":"<div class=\"stream-item stream-item-above-post-content\">\n<p><noscript><\/p>\n<p><a href=\"\/\/www3.smartadserver.com\/ac?jump=1&#038;nwid=2136&#038;siteid=240610&#038;pgname=rg&#038;fmtid=49046&#038;visit=m&#038;tmstp=[timestamp]&#038;out=nonrich\" target=\"_blank\" rel=\"noopener noreferrer\"><img decoding=\"async\" src=\"\/\/www3.smartadserver.com\/ac?out=nonrich&#038;nwid=2136&#038;siteid=240610&#038;pgname=rg&#038;fmtid=49046&#038;visit=m&#038;tmstp=[timestamp]\" border=\"0\" alt=\"\"\/><\/a><\/p>\n<p><\/noscript><\/div>\n<p class=\"c3\">Pr\u00e9vues pour le 16 f\u00e9vrier prochain, les l\u00e9gislatives guin\u00e9ennes \u00a0ne conna\u00eetront pas la participation de l\u2019opposition. En effet, le boycott annonc\u00e9 en d\u00e9cembre dernier, s\u2019est confirm\u00e9 avec le non-d\u00e9p\u00f4t de listes \u00e0 la date de cl\u00f4ture, par les\u00a0 grandes formations politiques qui, r\u00e9unies au sein du Front national pour la d\u00e9fense de la Constitution (FNDC) avec des organisations de la soci\u00e9t\u00e9 civile, sont depuis plusieurs mois en croisade contre un troisi\u00e8me mandat du pr\u00e9sident Alpha Cond\u00e9. En fait, l\u2019opposition soup\u00e7onne le chef de l\u2019Etat, de vouloir profiter de la situation pour faire passer son projet de modification de la Constitution cens\u00e9 lui ouvrir la voie \u00e0 une possible candidature \u00e0 sa propre succession. Aussi, d\u00e9non\u00e7ant les conditions de transparence du scrutin, elle r\u00e9clame \u00ab<em>un fichier \u00e9lectoral assaini, un recensement correct (des \u00e9lecteurs) et un pr\u00e9sident de la Commission \u00e9lectoral moins partisan<\/em>\u00a0\u00bb pour r\u00e9viser sa position. Faute de quoi, elle emp\u00eacherait la tenue du scrutin, en plus de ne pas y participer.<\/p>\n<p class=\"c3\"><strong>La d\u00e9mocratie ne se construit pas \u00e0 coups de courses-poursuites et de jets permanents de gaz lacrymog\u00e8nes dans la rue<\/strong><\/p>\n<p class=\"c3\">Mais du c\u00f4t\u00e9 du pouvoir, l\u2019on n\u2019entend pas les choses de la m\u00eame oreille. En tout cas, c\u2019est ce que l\u2019on est port\u00e9 \u00e0 croire en entendant\u00a0 le chef de l\u2019Etat qui, r\u00e9cemment en visite \u00e0 Kindia \u00e0 l\u2019int\u00e9rieur du pays, n\u2019a pas \u00e9t\u00e9 tendre avec l\u2019opposition dont les responsables, au passage, en ont pris pour leur grade face \u00e0 la multiplication des marches auxquelles ils appellent leurs partisans\u00a0: Morceau choisi\u00a0: \u00ab\u00a0<em>Ils ne peuvent m\u00eame pas faire 500 m\u00e8tres \u00e0 pied. Ils sont oblig\u00e9s de monter dans des v\u00e9hicules. Donc, ne suivez pas ceux qui veulent ramener la Guin\u00e9e en arri\u00e8re<\/em>\u2026\u00a0\u00bb, avait-il notamment d\u00e9clar\u00e9.\u00a0 Et le pr\u00e9sident de la CENI n\u2019est pas loin d\u2019emboucher la m\u00eame trompette quand il affirme\u00a0: \u00ab\u00a0<em>Nous sommes d\u00e9termin\u00e9s \u00e0 organiser les l\u00e9gislatives \u00e0 la date pr\u00e9vue du 16 f\u00e9vrier 2020 puisque nous sommes techniquement et mat\u00e9riellement pr\u00eats<\/em>\u00a0\u00bb. Une radicalisation des positions qui n\u2019augure rien de bon pour la Guin\u00e9e. C\u2019est pourquoi il faut craindre pour ce pays. D\u2019autant qu\u2019outre les \u00a0traditionnelles marches qui n\u2019ont jusque-l\u00e0 pas r\u00e9ussi \u00e0 amener le chef de l\u2019Etat \u00e0 clarifier sa position, encore moins \u00e0 renoncer publiquement au mandat querell\u00e9 dont on lui pr\u00eate l\u2019intention, l\u2019opposition promet, en plus du boycott, de changer de strat\u00e9gie pour barrer la route \u00e0 la forfaiture du locataire du palais <em>S\u00e9koutour\u00e9ya<\/em>. Comment et par quels moyens\u00a0? Bien malin qui saurait r\u00e9pondre \u00e0 cette question. En attendant, elle annonce la multiplication des protestations \u00e0 travers le pays \u00e0 partir du 13 janvier prochain. Toute chose qui fait craindre une mont\u00e9e de la tension sociopolitique et un durcissement de ton entre les protagonistes, qui pourraient \u00eatre hautement pr\u00e9judiciables \u00e0 la paix sociale.<\/p>\n<p class=\"c3\">La Guin\u00e9e n\u2019a pas besoin de \u00e7a. Et la d\u00e9mocratie ne se construit pas \u00e0 coups de courses-poursuites et de jets permanents de gaz lacrymog\u00e8nes dans la rue. C\u2019est pourquoi la classe politique guin\u00e9enne, dans son ensemble, est appel\u00e9e \u00e0 plus de responsabilit\u00e9s. \u00a0A commencer par le pr\u00e9sident Alpha Cond\u00e9 dont l\u2019arriv\u00e9e au pouvoir par les urnes, avait suscit\u00e9 l\u2019espoir du changement tant attendu par les Guin\u00e9ens.<\/p>\n<p class=\"c3\"><strong>On se demande si en boycottant ces l\u00e9gislatives, l\u2019opposition ne se tire pas une balle dans le pied<\/strong><\/p>\n<p class=\"c3\">Mais le Professeur est en passe de se montrer pire que ses pr\u00e9d\u00e9cesseurs qui peuvent avoir l\u2019excuse d\u2019avoir dirig\u00e9 des r\u00e9gimes d\u2019exception. Pour en revenir au boycott de ces l\u00e9gislatives par l\u2019opposition, que gagnerait la Guin\u00e9e \u00e0 mettre en place une Assembl\u00e9e nationale monocolore\u00a0? Absolument rien, si ce n\u2019est que la Repr\u00e9sentation nationale cens\u00e9e contr\u00f4ler l\u2019action du gouvernement,\u00a0 deviendra une caisse de r\u00e9sonnance de l\u2019Ex\u00e9cutif qui se retrouvera sans v\u00e9ritable contre-pouvoir pour bien g\u00e9rer la Nation. Si ce n\u2019est pas un retour en arri\u00e8re voire une tentative de retour \u00e0 la pens\u00e9e unique, cela y ressemble fort. Aussi, en s\u2019obstinant \u00e0 tenir ces \u00e9lections dans des conditions aussi d\u00e9cri\u00e9es, Alpha Cond\u00e9 ne rend pas service \u00e0 la d\u00e9mocratie. Et tout porte \u00e0 croire que m\u00eame s\u2019il r\u00e9ussit son passage en force, la Guin\u00e9e ne sera toujours pas \u00a0sortie de l\u2019auberge, tant on peut se convaincre que l\u2019opposition ne se privera pas, le cas \u00e9ch\u00e9ant, de lui pourrir son \u00e9ventuel mandat. C\u2019est pourquoi le pr\u00e9sident guin\u00e9en doit avoir la sagesse de son \u00e2ge et \u00e9viter de c\u00e9der \u00e0 la boulimie du pouvoir. Car, en verrouillant le syst\u00e8me \u00e0 l\u2019extr\u00eame et en n\u2019offrant pratiquement aucune possibilit\u00e9 de v\u00e9ritable alternance \u00e0 ses compatriotes, il ne donne finalement pas beaucoup de choix \u00e0 l\u2019opposition.<\/p>\n<p class=\"c3\">Quant \u00e0 Cellou Dalein Diallo et ses camarades, l\u2019on se demande si en boycottant ces l\u00e9gislatives, ils ne se tirent pas une balle dans le pied. Car, la politique de la chaise vide a aussi souvent montr\u00e9 ses limites. Et l\u2019on se demande par quels moyens ils parviendront \u00e0 emp\u00eacher la tenue du scrutin. En tout cas, on attend de voir.<\/p>\n<p class=\"c3\"><strong>\u00a0<\/strong><\/p>\n<p class=\"c3\"><strong><em>\u00a0\u00ab\u00a0Le Pays\u00a0\u00bb<\/em><\/strong><\/p>\n<p class=\"c3\"><strong><em>\u00a0<\/em><\/strong><\/p>\n<p class=\"c3\"><strong><em>\u00a0<\/em><\/strong><\/p>\n<p>Auteur: Le Pays<br \/>\n<a href=\"http:\/\/lepays.bf\/boycott-des-legislatives-par-loppositionil-faut-craindre-pour-la-guinee\/\">Cliquez ici pour lire l&rsquo;article depuis sa source.<\/a><\/p>\n","protected":false},"excerpt":{"rendered":"<p>Pr\u00e9vues pour le 16 f\u00e9vrier prochain, les l\u00e9gislatives guin\u00e9ennes \u00a0ne conna\u00eetront pas la participation de l\u2019opposition. En effet, le boycott annonc\u00e9 en d\u00e9cembre dernier, s\u2019est confirm\u00e9 avec le non-d\u00e9p\u00f4t de listes \u00e0 la date de cl\u00f4ture, par les\u00a0 grandes formations politiques qui, r\u00e9unies au sein du Front national pour la d\u00e9fense de la Constitution (FNDC) [&hellip;]<\/p>\n","protected":false},"author":1813,"featured_media":0,"comment_status":"closed","ping_status":"closed","sticky":false,"template":"","format":"standard","meta":{"fifu_image_url":"","fifu_image_alt":"","footnotes":""},"categories":[73,81],"tags":[],"class_list":["post-72506","post","type-post","status-publish","format-standard","hentry","category-actualite","category-burkina-faso"],"_links":{"self":[{"href":"https:\/\/linitiative.ca\/International\/wp-json\/wp\/v2\/posts\/72506","targetHints":{"allow":["GET"]}}],"collection":[{"href":"https:\/\/linitiative.ca\/International\/wp-json\/wp\/v2\/posts"}],"about":[{"href":"https:\/\/linitiative.ca\/International\/wp-json\/wp\/v2\/types\/post"}],"author":[{"embeddable":true,"href":"https:\/\/linitiative.ca\/International\/wp-json\/wp\/v2\/users\/1813"}],"replies":[{"embeddable":true,"href":"https:\/\/linitiative.ca\/International\/wp-json\/wp\/v2\/comments?post=72506"}],"version-history":[{"count":0,"href":"https:\/\/linitiative.ca\/International\/wp-json\/wp\/v2\/posts\/72506\/revisions"}],"wp:attachment":[{"href":"https:\/\/linitiative.ca\/International\/wp-json\/wp\/v2\/media?parent=72506"}],"wp:term":[{"taxonomy":"category","embeddable":true,"href":"https:\/\/linitiative.ca\/International\/wp-json\/wp\/v2\/categories?post=72506"},{"taxonomy":"post_tag","embeddable":true,"href":"https:\/\/linitiative.ca\/International\/wp-json\/wp\/v2\/tags?post=72506"}],"curies":[{"name":"wp","href":"https:\/\/api.w.org\/{rel}","templated":true}]}}