{"id":72507,"date":"2020-01-07T20:00:44","date_gmt":"2020-01-08T01:00:44","guid":{"rendered":"https:\/\/linitiative.ca\/International\/ministere-en-charge-de-la-decentralisation\/"},"modified":"2020-01-07T20:00:44","modified_gmt":"2020-01-08T01:00:44","slug":"ministere-en-charge-de-la-decentralisation","status":"publish","type":"post","link":"https:\/\/linitiative.ca\/International\/ministere-en-charge-de-la-decentralisation\/","title":{"rendered":"Minist\u00e8re en charge de la d\u00e9centralisation"},"content":{"rendered":"<div class=\"td-post-featured-image\"><a href=\"https:\/\/i1.wp.com\/www.sidwaya.info\/wp-content\/uploads\/2020\/01\/ministere00.gif?fit=787%2C525&#038;ssl=1\" data-caption=\"\"><img loading=\"lazy\" decoding=\"async\" width=\"696\" height=\"464\" class=\"entry-thumb td-modal-image\" src=\"https:\/\/i1.wp.com\/www.sidwaya.info\/wp-content\/uploads\/2020\/01\/ministere00.gif?resize=696%2C464&#038;ssl=1\" alt=\"\" title=\"ministere00\"\/><\/a><\/div>\n<p><strong>Le Programme des Nations unies pour le d\u00e9veloppement (PNUD) a remis du mat\u00e9riel roulant et des \u00e9quipements informatiques au minist\u00e8re de l\u2019Administration territoriale, de la D\u00e9centralisation et de la Coh\u00e9sion sociale, le mardi 7 janvier 2020 \u00e0 Ouagadougou.\u00a0<\/strong><\/p>\n<p>Du mat\u00e9riel compos\u00e9 de sept v\u00e9hicules, 20 motocyclistes et 20 ordinateurs, d\u2019une valeur de 192 millions F CFA ont \u00e9t\u00e9 remis au minist\u00e8re de l\u2019Administration territoriale, de la D\u00e9centralisation et de la Coh\u00e9sion sociale. Le don re\u00e7u, le mardi 7 janvier 2020, a \u00e9t\u00e9 remis par le Programme des Nations unies pour le d\u00e9veloppement (PNUD), \u00e0 Ouagadougou. Selon le repr\u00e9sentant r\u00e9sident du PNUD, Mathieu Ciowela, le mat\u00e9riel va permettre d\u2019ex\u00e9cuter diff\u00e9rents projets et programmes dans lesquels intervient le PNUD au Burkina Faso. \u00ab Il s\u2019agit notamment du Projet d\u2019appui \u00e0 la participation citoyenne, \u00e0 la d\u00e9centralisation et au d\u00e9veloppement local (PAPCiDDeL), le programme Coh\u00e9sion sociale, s\u00e9curit\u00e9 et Etat de droit (COSED) et la mise en \u0153uvre du Programme d\u2019urgence pour le Sahel (PUS) \u00bb, a \u00e9num\u00e9r\u00e9 M. Ciowela. Il a aussi fait savoir que son institution met au centre de son action, la capacit\u00e9 de l\u2019administration d\u00e9concentr\u00e9e et d\u00e9centralis\u00e9e \u00e0 d\u00e9livrer aux populations, des services de qualit\u00e9 et accessibles \u00e0 tous. \u00ab Nous sommes convaincus que l\u2019efficacit\u00e9 de l\u2019administration est primordiale pour le renforcement de la coh\u00e9sion sociale \u00bb, a-t-il dit. Par ailleurs, il a pr\u00e9cis\u00e9 que les \u00e9quipements remis sont les fruits de la vitalit\u00e9 de la coop\u00e9ration pour la promotion du d\u00e9veloppement entre le Burkina Faso, le Grand-Duch\u00e9 de Luxembourg, le Danemark et le PNUD. La repr\u00e9sentante du Grand-Duch\u00e9 de Luxembourg, Sara Bolliri, a, quant \u00e0 elle, affirm\u00e9 que cette aide va booster les activit\u00e9s des collectivit\u00e9s territoriales. \u00ab Nous mettons beaucoup d\u2019espoir dans le projet de d\u00e9veloppement et souhaitons qu\u2019il atteigne les objectifs escompt\u00e9s \u00bb, a-t-elle d\u00e9clar\u00e9. Le ministre de l\u2019Administration territoriale, de la D\u00e9centralisation et de la Coh\u00e9sion sociale, Sim\u00e9on Sawadogo, s\u2019est dit heureux de proc\u00e9der \u00e0 la r\u00e9ception de cet appui en \u00e9quipements. \u00ab Il contribuera sans nul doute \u00e0 renforcer les capacit\u00e9s de l\u2019administration ainsi que celles des collectivit\u00e9s territoriales b\u00e9n\u00e9ficiaires des interventions du PAPCiDDeL \u00bb, a-t-il indiqu\u00e9. Pour lui, ce mat\u00e9riel est le bienvenu car son d\u00e9partement est sollicit\u00e9 sur de nombreux chantiers. Il a signifi\u00e9 que c\u2019est \u00e0 travers des collectivit\u00e9s territoriales performantes que le pays des Hommes int\u00e8gres parviendra \u00e0 bout de la lutte contre la pauvret\u00e9, la d\u00e9gradation des conditions s\u00e9curitaires et les conflits inter communautaires.<\/p>\n<div class=\"td-a-rec td-a-rec-id-content_inline tdi_30_5b8 td_block_template_1\"><a href=\"https:\/\/www.sidwaya.info\/wp-content\/uploads\/2019\/12\/Bandeau-sitebonneannee.jpg\"><img loading=\"lazy\" decoding=\"async\" class=\"aligncenter size-full wp-image-17812\" src=\"https:\/\/www.sidwaya.info\/wp-content\/uploads\/2019\/12\/Bandeau-sitebonneannee.jpg\" alt=\"\" width=\"720\" height=\"90\"\/><\/a><\/div>\n<p>Mariam SOMDA<\/p>\n<div class=\"td-a-rec td-a-rec-id-content_bottom tdi_31_816 td_block_template_1\"><img loading=\"lazy\" decoding=\"async\" class=\"aligncenter size-full wp-image-9623\" src=\"https:\/\/www.sidwaya.info\/wp-content\/uploads\/2019\/06\/Projet-bannie%CC%80re-Orange-mobile.jpg\" alt=\"\" width=\"728\" height=\"81\"\/><\/div>\n<p>Auteur: BM. Sidwaya<br \/>\n<a href=\"https:\/\/www.sidwaya.info\/blog\/2020\/01\/08\/ministere-en-charge-de-la-decentralisation\/\">Cliquez ici pour lire l&rsquo;article depuis sa source.<\/a><\/p>\n","protected":false},"excerpt":{"rendered":"<p>Le Programme des Nations unies pour le d\u00e9veloppement (PNUD) a remis du mat\u00e9riel roulant et des \u00e9quipements informatiques au minist\u00e8re de l\u2019Administration territoriale, de la D\u00e9centralisation et de la Coh\u00e9sion sociale, le mardi 7 janvier 2020 \u00e0 Ouagadougou.\u00a0 Du mat\u00e9riel compos\u00e9 de sept v\u00e9hicules, 20 motocyclistes et 20 ordinateurs, d\u2019une valeur de 192 millions F [&hellip;]<\/p>\n","protected":false},"author":1816,"featured_media":0,"comment_status":"closed","ping_status":"closed","sticky":false,"template":"","format":"standard","meta":{"fifu_image_url":"","fifu_image_alt":"","footnotes":""},"categories":[73,81],"tags":[],"class_list":["post-72507","post","type-post","status-publish","format-standard","hentry","category-actualite","category-burkina-faso"],"_links":{"self":[{"href":"https:\/\/linitiative.ca\/International\/wp-json\/wp\/v2\/posts\/72507","targetHints":{"allow":["GET"]}}],"collection":[{"href":"https:\/\/linitiative.ca\/International\/wp-json\/wp\/v2\/posts"}],"about":[{"href":"https:\/\/linitiative.ca\/International\/wp-json\/wp\/v2\/types\/post"}],"author":[{"embeddable":true,"href":"https:\/\/linitiative.ca\/International\/wp-json\/wp\/v2\/users\/1816"}],"replies":[{"embeddable":true,"href":"https:\/\/linitiative.ca\/International\/wp-json\/wp\/v2\/comments?post=72507"}],"version-history":[{"count":0,"href":"https:\/\/linitiative.ca\/International\/wp-json\/wp\/v2\/posts\/72507\/revisions"}],"wp:attachment":[{"href":"https:\/\/linitiative.ca\/International\/wp-json\/wp\/v2\/media?parent=72507"}],"wp:term":[{"taxonomy":"category","embeddable":true,"href":"https:\/\/linitiative.ca\/International\/wp-json\/wp\/v2\/categories?post=72507"},{"taxonomy":"post_tag","embeddable":true,"href":"https:\/\/linitiative.ca\/International\/wp-json\/wp\/v2\/tags?post=72507"}],"curies":[{"name":"wp","href":"https:\/\/api.w.org\/{rel}","templated":true}]}}