{"id":72509,"date":"2020-01-08T04:03:20","date_gmt":"2020-01-08T09:03:20","guid":{"rendered":"https:\/\/linitiative.ca\/International\/les-organisations-professionnelles-des-medias-condamnent-lattentat-contre-le-journaliste-ladji-bama\/"},"modified":"2020-01-08T04:03:20","modified_gmt":"2020-01-08T09:03:20","slug":"les-organisations-professionnelles-des-medias-condamnent-lattentat-contre-le-journaliste-ladji-bama","status":"publish","type":"post","link":"https:\/\/linitiative.ca\/International\/les-organisations-professionnelles-des-medias-condamnent-lattentat-contre-le-journaliste-ladji-bama\/","title":{"rendered":"Les organisations professionnelles des m\u00e9dias condamnent l\u2019attentat contre le journaliste Ladji Bama"},"content":{"rendered":"<div class=\"td-post-featured-image\"><a href=\"https:\/\/i0.wp.com\/www.sidwaya.info\/wp-content\/uploads\/2020\/01\/bama.jpg?fit=600%2C751&#038;ssl=1\" data-caption=\"\"><img loading=\"lazy\" decoding=\"async\" width=\"600\" height=\"751\" class=\"entry-thumb td-modal-image\" src=\"https:\/\/i0.wp.com\/www.sidwaya.info\/wp-content\/uploads\/2020\/01\/bama.jpg?resize=600%2C751&#038;ssl=1\" srcset=\"https:\/\/i0.wp.com\/www.sidwaya.info\/wp-content\/uploads\/2020\/01\/bama.jpg?w=600&#038;ssl=1 600w, https:\/\/i0.wp.com\/www.sidwaya.info\/wp-content\/uploads\/2020\/01\/bama.jpg?resize=240%2C300&#038;ssl=1 240w, https:\/\/i0.wp.com\/www.sidwaya.info\/wp-content\/uploads\/2020\/01\/bama.jpg?resize=336%2C420&#038;ssl=1 336w\" sizes=\"auto, (max-width: 600px) 100vw, 600px\" alt=\"\" title=\"bama\"\/><\/a><\/div>\n<p>Au petit matin du 07 janvier 2020, vers 3h du matin, le journaliste Ladji Bama, r\u00e9dacteur en chef du bimensuel Courrier Confidentiel a fait l\u2019objet d\u2019un attentat \u00e0 son domicile. En effet des individus lugubres ont profit\u00e9 du calme du petit matin pour lancer une bouteille incendiaire contre la voiture du journaliste stationn\u00e9e dans sa cour. Un d\u00e9but d\u2019incendie a alert\u00e9 la famille qui s\u2019est vite attel\u00e9e \u00e0 maitriser les flammes pour circonscrire le drame. L\u2019int\u00e9rieur de la voiture a toutefois \u00e9t\u00e9 brul\u00e9 comme le t\u00e9moigne les images de la sc\u00e8ne du crime. Une d\u00e9l\u00e9gation des organisations professionnelles des journalistes s\u2019est rendue sur les lieux pour apporter un r\u00e9confort au confr\u00e8re, \u00e0 sa famille et constater la sc\u00e8ne du crime. La situation aurait pu \u00eatre plus dramatique si la bouteille remplie de combustible avait explos\u00e9.<\/p>\n<p>Ces faits contre un journaliste d\u2019investigation qui rappellent une autre \u00e9poque sont loin d\u2019\u00eatre un incident banal. Il faut le rappeler, le journaliste Ladji Bama a souvent eu maille \u00e0 partir avec des acteurs politiques ou \u00e9conomiques du fait de ses investigations et de ses prises de positions tranchantes. Il a d\u2019ailleurs d\u00e9j\u00e0 fait l\u2019objet de cabales ces derniers temps sur les r\u00e9seaux sociaux.<\/p>\n<div class=\"td-a-rec td-a-rec-id-content_inline tdi_30_5c5 td_block_template_1\"><a href=\"https:\/\/www.sidwaya.info\/wp-content\/uploads\/2019\/12\/Bandeau-sitebonneannee.jpg\"><img loading=\"lazy\" decoding=\"async\" class=\"aligncenter size-full wp-image-17812\" src=\"https:\/\/www.sidwaya.info\/wp-content\/uploads\/2019\/12\/Bandeau-sitebonneannee.jpg\" alt=\"\" width=\"720\" height=\"90\"\/><\/a><\/div>\n<p>Les organisations professionnelles des m\u00e9dias, signataires de la pr\u00e9sente d\u00e9claration\u00a0:<\/p>\n<ul>\n<li>apportent leur soutien ind\u00e9fectible au journaliste Ladji Bama, \u00e0 sa famille ainsi qu\u2019\u00e0 toute sa r\u00e9daction suite \u00e0 cet attentat ;<\/li>\n<li>condamnent avec fermet\u00e9 cet acte criminel qui est une atteinte grave \u00e0 la libert\u00e9 d\u2019expression et de la presse.<\/li>\n<\/ul>\n<p>Les organisations professionnelles des m\u00e9dias mettent en garde les auteurs et leurs commanditaires ou complices contre toute tentative d\u2019intimidation ou de remise en cause des libert\u00e9s ch\u00e8rement acquises par le peuple burkinab\u00e8 dans le sacrifice et m\u00eame dans le sang. Elles interpellent le Gouvernement sur sa responsabilit\u00e9 dans la protection des citoyens en g\u00e9n\u00e9ral et des journalistes en particulier pour garantir le libre exercice de leur m\u00e9tier.<\/p>\n<p>Nous assistons, au Burkina depuis un certain temps, au retour de pratiques anti-d\u00e9mocratiques d\u2019une autre \u00e9poque \u00e0 travers des ex\u00e9cutions extra-judiciaires, des intimidations, des menaces de mort\u2026 Nous avons encore frais en m\u00e9moire les menaces de mort contre le Secr\u00e9taire g\u00e9n\u00e9ral du Collectif contre l\u2019impunit\u00e9 et la stigmatisation des communaut\u00e9s (CISC) en d\u00e9but janvier 2020, l\u2018enl\u00e8vement crapuleux de l\u2019activiste Na\u00efm Tour\u00e9 le 12 novembre 2019 vers 22H \u00e0 son domicile. Ces pratiques sont indignes du Burkina post insurrectionnel\u00a0!<\/p>\n<p>A l\u2019endroit des acteurs de la Justice, nous attendons une suite diligente \u00e0 cette affaire et une investigation s\u00e9rieuse qui rompt avec les pratiques dans des dossiers de ce genre g\u00e9n\u00e9ralement class\u00e9s sans suite. Nous prenons \u00e0 t\u00e9moin l\u2019opinion nationale, les organisations nationales et internationales de d\u00e9fenses des droits humains, de la libert\u00e9 d\u2019expression et de presse en particulier, sur les menaces graves qui p\u00e8sent sur les journalistes et leur profession au Burkina Faso.<\/p>\n<p>Nous appelons les citoyens individuellement et collectivement \u00e0 d\u00e9fendre sans faille la libert\u00e9 d\u2019expression et de la presse et \u00e0 ne point se laisser divertir par les attaques d\u00e9guis\u00e9es de quelle que nature que ce soit contre les journalistes et les d\u00e9fenseurs des droits humains et de la libert\u00e9 d\u2019expression. Les vell\u00e9it\u00e9s de retour aux m\u00e9thodes violentes doivent \u00eatre combattues sans concession. Chaque Burkinab\u00e8 doit faire sienne la maxime de Voltaire <em>\u00ab\u00a0Je ne suis pas d\u2019accord avec ce que vous dites mais je me battrai jusqu\u2019\u00e0 la mort pour que vous ayez le droit de le dire\u00a0\u00bb<\/em>.<\/p>\n<p>Nous invitons les Hommes de m\u00e9dias et les d\u00e9fenseurs de la libert\u00e9 d\u2019expression et de la presse \u00e0 rester \u00e0 l\u2019\u00e9coute pour tout d\u00e9veloppement que commanderait l\u2019\u00e9volution de la situation.<\/p>\n<p><strong>Non \u00e0 la violence\u00a0!<\/strong><\/p>\n<p><strong>Non aux attaques contre les m\u00e9dias et les journalistes\u00a0!<\/strong><\/p>\n<p><strong>Vive la libert\u00e9 d\u2019expression et de la presse\u00a0!<\/strong><\/p>\n<p><strong>N\u2019an laara, An saara\u00a0!<\/strong><\/p>\n<p><em>Ouagadougou, le 7 janvier 2020<\/em><\/p>\n<p>Ont sign\u00e9<\/p>\n<p>Pour le <strong>Centre national de presse Norbert Zongo (CNP-NZ)<\/strong><\/p>\n<p>Le pr\u00e9sident du Comit\u00e9 de pilotage<\/p>\n<p>Gu\u00e9zouma Sanogo<\/p>\n<p>Pour l\u2019<strong>Association des journalistes du Burkina (AJB),<\/strong><\/p>\n<p>Le Secr\u00e9taire \u00e0 l\u2019\u00e9thique professionnelle et la d\u00e9fense de la libert\u00e9 de presse<\/p>\n<p>Aim\u00e9 Kambir\u00e9<\/p>\n<p>Pour le <strong>Syndicat national des travailleurs de l\u2019information et de la culture (SYNATIC),<\/strong><\/p>\n<p>Le Secr\u00e9taire g\u00e9n\u00e9ral<\/p>\n<p>Siriki Dram\u00e9<\/p>\n<p>Pour la <strong>Soci\u00e9t\u00e9 des \u00e9diteurs de la presse priv\u00e9e (SEP),<\/strong><\/p>\n<p>Le Pr\u00e9sident<\/p>\n<p>Boureima Ou\u00e9draogo<\/p>\n<p>Pour l\u2019<strong>Observatoire burkinab\u00e8 des m\u00e9dias (OBM),<\/strong><\/p>\n<p>Le pr\u00e9sident<\/p>\n<p>Ahmed Kon\u00e9<\/p>\n<p>Pour l\u2019<strong>Union nationale de l\u2019audiovisuelle libre du Burkina (UNALFA)<\/strong>,<\/p>\n<p>Le pr\u00e9sident<\/p>\n<p>Charlemagne Abissi<\/p>\n<p>Pour l\u2019<strong>Union burkinab\u00e8 des \u00e9diteurs priv\u00e9s de services de t\u00e9l\u00e9vision (UBESTV),<\/strong><\/p>\n<p>Le pr\u00e9sident<\/p>\n<p>Issoufou Sar\u00e9<\/p>\n<p>Pour <strong>Reporter du Faso<\/strong>,<\/p>\n<p>Le Pr\u00e9sident<\/p>\n<p>Charles Kiendreb\u00e9ogo<\/p>\n<p>Pour l\u2019<strong>Association des \u00e9diteurs et professionnels de m\u00e9dias en ligne (AEPML),<\/strong><\/p>\n<p>Le Pr\u00e9sident<\/p>\n<p>Cyriaque Par\u00e9<\/p>\n<p>Pour l\u2019<strong>Association des Editeurs de Journaux et de Presse en Langue Nationale (AEJPLN),<\/strong><\/p>\n<p>Le Pr\u00e9sident<\/p>\n<p>Evariste ZONGO<\/p>\n<p>Pour l\u2019<strong>Association des professionnelles africaines de la communication (APAC-Burkina<\/strong>),<\/p>\n<p>La Secr\u00e9taire adjointe \u00e0 la communication<\/p>\n<p>C\u00e9cile Sirima<\/p>\n<p>Pour la <strong>Cellule Norbert Zongo pour le journalisme d\u2019investigation en Afrique de l\u2019ouest (CENOZO),<\/strong><\/p>\n<p>Le Pr\u00e9sident<\/p>\n<p>Moussa Aksar<\/p>\n<div class=\"td-a-rec td-a-rec-id-content_bottom tdi_31_e0b td_block_template_1\"><img loading=\"lazy\" decoding=\"async\" class=\"aligncenter size-full wp-image-9623\" src=\"https:\/\/www.sidwaya.info\/wp-content\/uploads\/2019\/06\/Projet-bannie%CC%80re-Orange-mobile.jpg\" alt=\"\" width=\"728\" height=\"81\"\/><\/div>\n<p>Auteur: BS. Sidwaya<br \/>\n<a href=\"https:\/\/www.sidwaya.info\/blog\/2020\/01\/08\/les-organisations-professionnelles-des-medias-condamnent-lattentat-contre-le-journaliste-ladji-bama\/\">Cliquez ici pour lire l&rsquo;article depuis sa source.<\/a><\/p>\n","protected":false},"excerpt":{"rendered":"<p>Au petit matin du 07 janvier 2020, vers 3h du matin, le journaliste Ladji Bama, r\u00e9dacteur en chef du bimensuel Courrier Confidentiel a fait l\u2019objet d\u2019un attentat \u00e0 son domicile. En effet des individus lugubres ont profit\u00e9 du calme du petit matin pour lancer une bouteille incendiaire contre la voiture du journaliste stationn\u00e9e dans sa [&hellip;]<\/p>\n","protected":false},"author":1816,"featured_media":0,"comment_status":"closed","ping_status":"closed","sticky":false,"template":"","format":"standard","meta":{"fifu_image_url":"","fifu_image_alt":"","footnotes":""},"categories":[73,81],"tags":[],"class_list":["post-72509","post","type-post","status-publish","format-standard","hentry","category-actualite","category-burkina-faso"],"_links":{"self":[{"href":"https:\/\/linitiative.ca\/International\/wp-json\/wp\/v2\/posts\/72509","targetHints":{"allow":["GET"]}}],"collection":[{"href":"https:\/\/linitiative.ca\/International\/wp-json\/wp\/v2\/posts"}],"about":[{"href":"https:\/\/linitiative.ca\/International\/wp-json\/wp\/v2\/types\/post"}],"author":[{"embeddable":true,"href":"https:\/\/linitiative.ca\/International\/wp-json\/wp\/v2\/users\/1816"}],"replies":[{"embeddable":true,"href":"https:\/\/linitiative.ca\/International\/wp-json\/wp\/v2\/comments?post=72509"}],"version-history":[{"count":0,"href":"https:\/\/linitiative.ca\/International\/wp-json\/wp\/v2\/posts\/72509\/revisions"}],"wp:attachment":[{"href":"https:\/\/linitiative.ca\/International\/wp-json\/wp\/v2\/media?parent=72509"}],"wp:term":[{"taxonomy":"category","embeddable":true,"href":"https:\/\/linitiative.ca\/International\/wp-json\/wp\/v2\/categories?post=72509"},{"taxonomy":"post_tag","embeddable":true,"href":"https:\/\/linitiative.ca\/International\/wp-json\/wp\/v2\/tags?post=72509"}],"curies":[{"name":"wp","href":"https:\/\/api.w.org\/{rel}","templated":true}]}}