{"id":72510,"date":"2020-01-08T05:55:47","date_gmt":"2020-01-08T10:55:47","guid":{"rendered":"https:\/\/linitiative.ca\/International\/marcourssi-4-eleves-blesses-par-un-explosif\/"},"modified":"2020-01-08T05:55:47","modified_gmt":"2020-01-08T10:55:47","slug":"marcourssi-4-eleves-blesses-par-un-explosif","status":"publish","type":"post","link":"https:\/\/linitiative.ca\/International\/marcourssi-4-eleves-blesses-par-un-explosif\/","title":{"rendered":"Marcourssi: 4 \u00e9l\u00e8ves bless\u00e9s par un explosif"},"content":{"rendered":"<div class=\"td-post-featured-image\"><a href=\"https:\/\/i1.wp.com\/www.sidwaya.info\/wp-content\/uploads\/2020\/01\/grenade.jpg?fit=600%2C450&#038;ssl=1\" data-caption=\"\"><img loading=\"lazy\" decoding=\"async\" width=\"600\" height=\"450\" class=\"entry-thumb td-modal-image\" src=\"https:\/\/i1.wp.com\/www.sidwaya.info\/wp-content\/uploads\/2020\/01\/grenade.jpg?resize=600%2C450&#038;ssl=1\" srcset=\"https:\/\/i1.wp.com\/www.sidwaya.info\/wp-content\/uploads\/2020\/01\/grenade.jpg?w=600&#038;ssl=1 600w, https:\/\/i1.wp.com\/www.sidwaya.info\/wp-content\/uploads\/2020\/01\/grenade.jpg?resize=300%2C225&#038;ssl=1 300w, https:\/\/i1.wp.com\/www.sidwaya.info\/wp-content\/uploads\/2020\/01\/grenade.jpg?resize=560%2C420&#038;ssl=1 560w, https:\/\/i1.wp.com\/www.sidwaya.info\/wp-content\/uploads\/2020\/01\/grenade.jpg?resize=80%2C60&#038;ssl=1 80w, https:\/\/i1.wp.com\/www.sidwaya.info\/wp-content\/uploads\/2020\/01\/grenade.jpg?resize=265%2C198&#038;ssl=1 265w\" sizes=\"auto, (max-width: 600px) 100vw, 600px\" alt=\"\" title=\"grenade\"\/><\/a><\/div>\n<p>Urgent : explosion \u00a0d\u2019une grenade ce mercredi 8 janvier 2020 \u00e0 Marcoussi suit\u00a0 \u00e0 une manipulation\u00a0 dans l\u2019\u00e9cole franco-arabe Darou Kour An\u00a0 Hadis au secteur\u00a0 38 arrondissement de Ouagadougou. 4 \u00e9l\u00e8ves bless\u00e9s dont 2 graves \u00e9vacu\u00e9s au CMA de Paul VI.<\/p>\n<div class=\"td-a-rec td-a-rec-id-content_bottom tdi_30_fd8 td_block_template_1\"><img loading=\"lazy\" decoding=\"async\" class=\"aligncenter size-full wp-image-9623\" src=\"https:\/\/www.sidwaya.info\/wp-content\/uploads\/2019\/06\/Projet-bannie%CC%80re-Orange-mobile.jpg\" alt=\"\" width=\"728\" height=\"81\"\/><\/div>\n<p>Auteur: BS. Sidwaya<br \/>\n<a href=\"https:\/\/www.sidwaya.info\/blog\/2020\/01\/08\/marcourssi-4-eleves-blesses-par-un-explosif\/\">Cliquez ici pour lire l&rsquo;article depuis sa source.<\/a><\/p>\n","protected":false},"excerpt":{"rendered":"<p>Urgent : explosion \u00a0d\u2019une grenade ce mercredi 8 janvier 2020 \u00e0 Marcoussi suit\u00a0 \u00e0 une manipulation\u00a0 dans l\u2019\u00e9cole franco-arabe Darou Kour An\u00a0 Hadis au secteur\u00a0 38 arrondissement de Ouagadougou. 4 \u00e9l\u00e8ves bless\u00e9s dont 2 graves \u00e9vacu\u00e9s au CMA de Paul VI. Auteur: BS. Sidwaya Cliquez ici pour lire l&rsquo;article depuis sa source.<\/p>\n","protected":false},"author":1816,"featured_media":0,"comment_status":"closed","ping_status":"closed","sticky":false,"template":"","format":"standard","meta":{"fifu_image_url":"","fifu_image_alt":"","footnotes":""},"categories":[73,81],"tags":[],"class_list":["post-72510","post","type-post","status-publish","format-standard","hentry","category-actualite","category-burkina-faso"],"_links":{"self":[{"href":"https:\/\/linitiative.ca\/International\/wp-json\/wp\/v2\/posts\/72510","targetHints":{"allow":["GET"]}}],"collection":[{"href":"https:\/\/linitiative.ca\/International\/wp-json\/wp\/v2\/posts"}],"about":[{"href":"https:\/\/linitiative.ca\/International\/wp-json\/wp\/v2\/types\/post"}],"author":[{"embeddable":true,"href":"https:\/\/linitiative.ca\/International\/wp-json\/wp\/v2\/users\/1816"}],"replies":[{"embeddable":true,"href":"https:\/\/linitiative.ca\/International\/wp-json\/wp\/v2\/comments?post=72510"}],"version-history":[{"count":0,"href":"https:\/\/linitiative.ca\/International\/wp-json\/wp\/v2\/posts\/72510\/revisions"}],"wp:attachment":[{"href":"https:\/\/linitiative.ca\/International\/wp-json\/wp\/v2\/media?parent=72510"}],"wp:term":[{"taxonomy":"category","embeddable":true,"href":"https:\/\/linitiative.ca\/International\/wp-json\/wp\/v2\/categories?post=72510"},{"taxonomy":"post_tag","embeddable":true,"href":"https:\/\/linitiative.ca\/International\/wp-json\/wp\/v2\/tags?post=72510"}],"curies":[{"name":"wp","href":"https:\/\/api.w.org\/{rel}","templated":true}]}}