{"id":72513,"date":"2020-01-08T15:50:09","date_gmt":"2020-01-08T20:50:09","guid":{"rendered":"https:\/\/linitiative.ca\/International\/la-fete-attendra-a-dakar-pour-le-meilleur-joueur-africain-sadio-mane\/"},"modified":"2020-01-08T15:50:09","modified_gmt":"2020-01-08T20:50:09","slug":"la-fete-attendra-a-dakar-pour-le-meilleur-joueur-africain-sadio-mane","status":"publish","type":"post","link":"https:\/\/linitiative.ca\/International\/la-fete-attendra-a-dakar-pour-le-meilleur-joueur-africain-sadio-mane\/","title":{"rendered":"La f\u00eate attendra \u00e0 Dakar pour le meilleur joueur africain Sadio Man\u00e9"},"content":{"rendered":"<div readability=\"32\">\n<p>Publi\u00e9 le 08.01.2020 \u00e0 21h50 par AFP<\/p>\n<\/div>\n<div readability=\"106\">\n<p>L\u2019attaquant de Liverpool Sadio Man\u00e9 a fait faux bond mercredi \u00e0 ses admirateurs s\u00e9n\u00e9galais qui attendaient son retour annonc\u00e9 au pays pour c\u00e9l\u00e9brer son sacre comme meilleur joueur africain la veille.<\/p>\n<p>Dakar esp\u00e9rait f\u00eater le premier joueur s\u00e9n\u00e9galais \u00e0 recevoir cette cons\u00e9cration individuelle depuis El-Hadji Diouf en 2002.<\/p>\n<p>Un accueil \u00e0 l\u2019a\u00e9roport \u00e0 son arriv\u00e9e d\u2019Egypte, o\u00f9 il avait \u00e9t\u00e9 r\u00e9compens\u00e9 mardi soir, suivi d\u2019une parade, puis d\u2019une c\u00e9r\u00e9monie en pr\u00e9sence du chef de l\u2019Etat Macky Sall, \u00e9taient inscrits au programme du joueur.<\/p>\n<p>Un jet priv\u00e9 devait le transporter des bords de la mer Rouge \u00e0 ceux de l\u2019Atlantique. Mais sa visite \u00e9clair a \u00e9t\u00e9 annul\u00e9e, ou report\u00e9e selon les sources, au dernier moment.<\/p>\n<p>\u00ab\u00a0Les Reds et l\u2019attaquant avaient pris des dispositions pour qu\u2019il puisse s\u2019envoler vers son pays natal directement apr\u00e8s la c\u00e9r\u00e9monie en Egypte, en remerciement pour le soutien que beaucoup de gens dans son pays lui ont t\u00e9moign\u00e9\u00a0\u00bb, a expliqu\u00e9 Liverpool dans un communiqu\u00e9 en soir\u00e9e.<\/p>\n<p>\u00ab\u00a0Cependant, des perturbations dans le voyage allant au-del\u00e0 de ce que (le joueur) ou le club pouvaient contr\u00f4ler ont rendu impossible cette visite\u00a0\u00bb, a poursuivi le club, qui pr\u00e9cise toutefois que Man\u00e9 se rendra \u00ab\u00a0\u00e0 la premi\u00e8re opportunit\u00e9\u00a0\u00bb au S\u00e9n\u00e9gal pour f\u00eater son titre.<\/p>\n<p>Bakary Ciss\u00e9, un membre de son entourage, a invoqu\u00e9 aupr\u00e8s de l\u2019AFP un permis de survol de la Tunisie qui tardait \u00e0 arriver en Egypte \u00e0 l\u2019a\u00e9roport de d\u00e9part. \u00ab\u00a0Liverpool a d\u00e9cid\u00e9 de (ramener) son joueur, parce qu\u2019il (le club) ne peut pas continuer \u00e0 attendre un permis dont on ne sait pas l\u2019heure (de d\u00e9livrance) exacte\u00a0\u00bb, a-t-il dit.<\/p>\n<p>L\u2019\u00e9quipe entra\u00een\u00e9e par l\u2019Allemand J\u00fcrgen Klopp survole le Championnat d\u2019Angleterre, avec treize points d\u2019avance sur son premier poursuivant, Leicester, mais les \u00ab\u00a0Reds\u00a0\u00bb effectuent un d\u00e9placement d\u00e9licat samedi \u00e0 Tottenham (6e).<\/p>\n<p>Une source proche des sph\u00e8res politiques s\u00e9n\u00e9galaises a \u00e9voqu\u00e9 un report \u00e0 dans quelques jours, et non pas une annulation de la visite.<\/p>\n<p>Un flot de louanges s\u2019est d\u00e9vers\u00e9 au S\u00e9n\u00e9gal sur Man\u00e9, 27 ans, apr\u00e8s son titre de meilleur joueur africain, tandis que circulaient sur les r\u00e9seaux sociaux des images de son village de Bambali en f\u00eate. La quatri\u00e8me place de Man\u00e9 au Ballon d\u2019Or 2019, remport\u00e9 pour la 6\u00e8me fois par l\u2019Argentin Lionel Messi, avait eu un peu de mal \u00e0 passer.<\/p>\n<p>\u00ab\u00a0Heureux et fier d\u2019exprimer au nom du peuple s\u00e9n\u00e9galais toute ma satisfaction et d\u2019adresser mes chaleureuses f\u00e9licitations \u00e0 Sadio Man\u00e9. Bravo encore pour ce merveilleux exploit qui m\u00e9rite d\u2019\u00eatre magnifi\u00e9 et port\u00e9 en exemple pour toute la jeunesse\u00a0\u00bb, a twitt\u00e9 le pr\u00e9sident s\u00e9n\u00e9galais.<\/p>\n<p>Man\u00e9 a connu une ann\u00e9e faste, tant avec Liverpool (sacres en Ligue des champions et au Mondial des clubs), qu\u2019avec sa s\u00e9lection, battue en finale de la Coupe d\u2019Afrique des Nations.<\/p>\n<\/div>\n<p>Auteur: AFP<br \/>\n<a href=\"https:\/\/www.journalducameroun.com\/la-fete-attendra-a-dakar-pour-le-meilleur-joueur-africain-sadio-mane\/\">Cliquez ici pour lire l&rsquo;article depuis sa source.<\/a><\/p>\n","protected":false},"excerpt":{"rendered":"<p>Publi\u00e9 le 08.01.2020 \u00e0 21h50 par AFP L\u2019attaquant de Liverpool Sadio Man\u00e9 a fait faux bond mercredi \u00e0 ses admirateurs s\u00e9n\u00e9galais qui attendaient son retour annonc\u00e9 au pays pour c\u00e9l\u00e9brer son sacre comme meilleur joueur africain la veille. Dakar esp\u00e9rait f\u00eater le premier joueur s\u00e9n\u00e9galais \u00e0 recevoir cette cons\u00e9cration individuelle depuis El-Hadji Diouf en 2002. [&hellip;]<\/p>\n","protected":false},"author":1965,"featured_media":0,"comment_status":"closed","ping_status":"closed","sticky":false,"template":"","format":"standard","meta":{"fifu_image_url":"","fifu_image_alt":"","footnotes":""},"categories":[73,82],"tags":[],"class_list":["post-72513","post","type-post","status-publish","format-standard","hentry","category-actualite","category-cameroun"],"_links":{"self":[{"href":"https:\/\/linitiative.ca\/International\/wp-json\/wp\/v2\/posts\/72513","targetHints":{"allow":["GET"]}}],"collection":[{"href":"https:\/\/linitiative.ca\/International\/wp-json\/wp\/v2\/posts"}],"about":[{"href":"https:\/\/linitiative.ca\/International\/wp-json\/wp\/v2\/types\/post"}],"author":[{"embeddable":true,"href":"https:\/\/linitiative.ca\/International\/wp-json\/wp\/v2\/users\/1965"}],"replies":[{"embeddable":true,"href":"https:\/\/linitiative.ca\/International\/wp-json\/wp\/v2\/comments?post=72513"}],"version-history":[{"count":0,"href":"https:\/\/linitiative.ca\/International\/wp-json\/wp\/v2\/posts\/72513\/revisions"}],"wp:attachment":[{"href":"https:\/\/linitiative.ca\/International\/wp-json\/wp\/v2\/media?parent=72513"}],"wp:term":[{"taxonomy":"category","embeddable":true,"href":"https:\/\/linitiative.ca\/International\/wp-json\/wp\/v2\/categories?post=72513"},{"taxonomy":"post_tag","embeddable":true,"href":"https:\/\/linitiative.ca\/International\/wp-json\/wp\/v2\/tags?post=72513"}],"curies":[{"name":"wp","href":"https:\/\/api.w.org\/{rel}","templated":true}]}}