{"id":72514,"date":"2020-01-08T16:18:02","date_gmt":"2020-01-08T21:18:02","guid":{"rendered":"https:\/\/linitiative.ca\/International\/cote-divoire-lamende-de-20-sur-lexcedent-du-bail-a-usage-dhabitation-portee-a-300\/"},"modified":"2020-01-08T16:18:02","modified_gmt":"2020-01-08T21:18:02","slug":"cote-divoire-lamende-de-20-sur-lexcedent-du-bail-a-usage-dhabitation-portee-a-300","status":"publish","type":"post","link":"https:\/\/linitiative.ca\/International\/cote-divoire-lamende-de-20-sur-lexcedent-du-bail-a-usage-dhabitation-portee-a-300\/","title":{"rendered":"C\u00f4te d\u2019Ivoire: l\u2019amende de 20% sur l\u2019exc\u00e9dent du bail \u00e0 usage d\u2019habitation port\u00e9e \u00e0 \u00ab300%\u00bb"},"content":{"rendered":"<div readability=\"32\">\n<p>Publi\u00e9 le 08.01.2020 \u00e0 22h18 par APA News<\/p>\n<\/div>\n<div readability=\"76\">\n<p>La taxe per\u00e7ue au taux de 20%, assise sur les sommes exc\u00e9dentaires du bail \u00e0 usage d\u2019habitation en C\u00f4te d\u2019Ivoire, a \u00e9t\u00e9 port\u00e9e \u00e0 \u00ab 300%\u00bb de l\u2019exc\u00e9dent des montants vers\u00e9s au bailleur, a indiqu\u00e9 mercredi le porte-parole du gouvernement ivoirien Sidi Tour\u00e9, \u00e0 l\u2019issue d\u2019un Conseil des ministres.La taxe de 20% sur l\u2019exc\u00e9dent des sommes vers\u00e9es au bailleur, pr\u00e9vue initialement dans la loi fiscale, a \u00e9t\u00e9 port\u00e9e \u00e0 \u00ab 300% \u00bb du montant de l\u2019exc\u00e9dent per\u00e7u par le g\u00e9rant, a annonc\u00e9 le porte-parole du gouvernement ivoirien Sidi Tour\u00e9, face aux journalistes.\u00a0<\/p>\n<p>Cette disposition \u00e9mane notamment d\u2019une communication adopt\u00e9e par le Conseil relative \u00e0 l\u2019\u00e9tat d\u2019avancement et aux perspectives de mise en \u0153uvre de la loi relative au bail \u00e0 usage d\u2019habitation, a soulign\u00e9 le porte-parole du gouvernement ivoirien. \u00a0\u00a0<\/p>\n<p>Elle fait \u00e9galement obligation aux parties de conclure un contrat de bail par \u00e9crit, enregistr\u00e9 aupr\u00e8s de l\u2019administration fiscale et exige du bailleur de limiter \u00e0 deux mois maximum les avances et les d\u00e9p\u00f4ts de garantie du loyer. \u00a0<\/p>\n<p>\u00a0\u00ab La loi relative au bail \u00e0 usage d\u2019habitation, entr\u00e9e en vigueur en juin 2018 r\u00e9pond \u00e0 la volont\u00e9 du gouvernement de r\u00e9\u00e9quilibrer les rapports entre les parties contrat, de lutter contre la flamb\u00e9e des prix des loyers notamment dans la ville d\u2019Abidjan et d\u2019en assurer un meilleur contr\u00f4le \u00bb, a-t-il poursuivi. \u00a0<\/p>\n<p>Selon M. Sidi Tour\u00e9, cette mesure permettra d\u2019\u00e9laborer et de mettre \u00e0 disposition des \u00ab contrats type de bail \u00bb afin que les diff\u00e9rentes parties sachent ce qui les engage au regard des termes de la loi. Il s\u2019agit d\u2019 \u00ab un r\u00e9f\u00e9rentiel pour ne pas que chacun ait son contrat qui puisse gruger les concitoyens \u00bb.<\/p>\n<p>La loi sur le bail \u00e0 usage d\u2019habitation, vot\u00e9e le 13 juin 2018, plafonne les sommes \u00e0 verser par les locataires aux bailleurs \u00e0 deux mois de caution et deux mois \u00e0 titre d\u2019avance sur loyers. Cependant, ce dispositif, dans son application, n\u2019est pas respect\u00e9 par plusieurs bailleurs. \u00a0<\/p>\n<\/div>\n<p>Auteur: APA News<br \/>\n<a href=\"https:\/\/www.journalducameroun.com\/cote-divoire-lamende-de-20-sur-lexcedent-du-bail-a-usage-dhabitation-portee-a-300\/\">Cliquez ici pour lire l&rsquo;article depuis sa source.<\/a><\/p>\n","protected":false},"excerpt":{"rendered":"<p>Publi\u00e9 le 08.01.2020 \u00e0 22h18 par APA News La taxe per\u00e7ue au taux de 20%, assise sur les sommes exc\u00e9dentaires du bail \u00e0 usage d\u2019habitation en C\u00f4te d\u2019Ivoire, a \u00e9t\u00e9 port\u00e9e \u00e0 \u00ab 300%\u00bb de l\u2019exc\u00e9dent des montants vers\u00e9s au bailleur, a indiqu\u00e9 mercredi le porte-parole du gouvernement ivoirien Sidi Tour\u00e9, \u00e0 l\u2019issue d\u2019un Conseil [&hellip;]<\/p>\n","protected":false},"author":1965,"featured_media":0,"comment_status":"closed","ping_status":"closed","sticky":false,"template":"","format":"standard","meta":{"fifu_image_url":"","fifu_image_alt":"","footnotes":""},"categories":[73,82],"tags":[],"class_list":["post-72514","post","type-post","status-publish","format-standard","hentry","category-actualite","category-cameroun"],"_links":{"self":[{"href":"https:\/\/linitiative.ca\/International\/wp-json\/wp\/v2\/posts\/72514","targetHints":{"allow":["GET"]}}],"collection":[{"href":"https:\/\/linitiative.ca\/International\/wp-json\/wp\/v2\/posts"}],"about":[{"href":"https:\/\/linitiative.ca\/International\/wp-json\/wp\/v2\/types\/post"}],"author":[{"embeddable":true,"href":"https:\/\/linitiative.ca\/International\/wp-json\/wp\/v2\/users\/1965"}],"replies":[{"embeddable":true,"href":"https:\/\/linitiative.ca\/International\/wp-json\/wp\/v2\/comments?post=72514"}],"version-history":[{"count":0,"href":"https:\/\/linitiative.ca\/International\/wp-json\/wp\/v2\/posts\/72514\/revisions"}],"wp:attachment":[{"href":"https:\/\/linitiative.ca\/International\/wp-json\/wp\/v2\/media?parent=72514"}],"wp:term":[{"taxonomy":"category","embeddable":true,"href":"https:\/\/linitiative.ca\/International\/wp-json\/wp\/v2\/categories?post=72514"},{"taxonomy":"post_tag","embeddable":true,"href":"https:\/\/linitiative.ca\/International\/wp-json\/wp\/v2\/tags?post=72514"}],"curies":[{"name":"wp","href":"https:\/\/api.w.org\/{rel}","templated":true}]}}