{"id":72516,"date":"2020-01-08T17:50:03","date_gmt":"2020-01-08T22:50:03","guid":{"rendered":"https:\/\/linitiative.ca\/International\/crash-a-teheran-a-laeroport-de-kiev-on-pleure-lequipage-ukrainien\/"},"modified":"2020-01-08T17:50:03","modified_gmt":"2020-01-08T22:50:03","slug":"crash-a-teheran-a-laeroport-de-kiev-on-pleure-lequipage-ukrainien","status":"publish","type":"post","link":"https:\/\/linitiative.ca\/International\/crash-a-teheran-a-laeroport-de-kiev-on-pleure-lequipage-ukrainien\/","title":{"rendered":"Crash \u00e0 T\u00e9h\u00e9ran: \u00e0 l\u2019a\u00e9roport de Kiev, on pleure l\u2019\u00e9quipage ukrainien"},"content":{"rendered":"<div readability=\"32\">\n<p>Publi\u00e9 le 08.01.2020 \u00e0 23h50 par AFP<\/p>\n<\/div>\n<div readability=\"128\">\n<p>Roses, \u0153illets, chrysanth\u00e8mes: \u00e0 Kiev Boryspil, a\u00e9roport d\u2019attache du Boeing qui s\u2019est \u00e9cras\u00e9 mercredi en Iran en tuant les 176 personnes \u00e0 bord, des fleurs et des bougies jonchent le sol devant les portraits de son \u00e9quipage ukrainien.<\/p>\n<p>Un couple sanglote en se couvrant la figure avec les mains. Accroupies, plusieurs h\u00f4tesses de l\u2019air, tailleur sombre et foulard jaune autour du cou, arrangent des bougies pos\u00e9es \u00e0 m\u00eame le sol.<\/p>\n<p>Des dizaines de personnes \u2013 employ\u00e9s de l\u2019a\u00e9rien, passagers et habitants \u2013 rendaient mercredi soir un dernier hommage aux membres de l\u2019\u00e9quipage, cinq hommes et quatre femmes, devant leur photos align\u00e9es sur des bureaux gris dans la zone de d\u00e9parts.<\/p>\n<p>\u00ab\u00a0Je les connaissais tous\u00a0\u00bb, confie, la voie rauque, Artem, un pilote de la m\u00eame ligne, Ukraine International Airlines (UIA), apr\u00e8s avoir d\u00e9pos\u00e9 un bouquet de roses rouges et longuement fix\u00e9 du regard les portraits de ses coll\u00e8gues d\u00e9funts.<\/p>\n<p>Il a rencontr\u00e9 tout l\u2019\u00e9quipage avant leur d\u00e9part pour T\u00e9h\u00e9ran. \u00ab\u00a0Ils \u00e9taient tr\u00e8s inquiets, avaient un mauvais pressentiment\u00a0\u00bb, assure le jeune homme en veste kaki.<\/p>\n<p>\u2013 \u00ab\u00a0Un \u00e9quipage excellent\u00a0\u00bb \u2013<\/p>\n<p>La catastrophe du Boeing 737 est intervenue dans un contexte de graves tensions au Moyen-Orient et peu apr\u00e8s le tir de missiles par T\u00e9h\u00e9ran visant les troupes am\u00e9ricaines en Irak, m\u00eame si rien n\u2019indique que ces \u00e9v\u00e9nements sont li\u00e9s.<\/p>\n<p>\u00ab\u00a0Je leur ai souhait\u00e9 un bon vol, ils m\u2019ont r\u00e9pondu la m\u00eame chose. Et puis, le matin, tout cela a \u00e9merg\u00e9. C\u2019est terrible, terrible. Hier, ils \u00e9taient vivants et aujourd\u2019hui, c\u2019est fini\u00a0\u00bb, poursuit Artem.<\/p>\n<p>Vadym, la quarantaine, \u00ab\u00a0ne connaissait personne\u00a0\u00bb mais est venu \u00ab\u00a0en tant que compatriote pour exprimer de la sympathie\u00a0\u00bb. \u00ab\u00a0C\u2019est si triste, beaucoup \u00e9taient tellement jeunes\u00a0\u00bb, dit-il.<\/p>\n<p>Encore un bouquet apport\u00e9 par un jeune homme qui a reconnu dans une des h\u00f4tesses de l\u2019air son ancienne professeure d\u2019anglais. \u00ab\u00a0J\u2019ai vu son nom, puis sa photo et je suis venu ici. Elle \u00e9tait une excellente prof\u00a0\u00bb, raconte-il.<\/p>\n<p>Le vol PS752 avait d\u00e9coll\u00e9 mercredi \u00e0 06H10 (02H40 GMT) de l\u2019a\u00e9roport Imam Khomeiny de T\u00e9h\u00e9ran en direction de l\u2019a\u00e9roport de Boryspil avant de s\u2019\u00e9craser deux minutes apr\u00e8s, tuant les 176 personnes \u00e0 bord, principalement des Iraniens et des Canadiens.<\/p>\n<p>Sur les 11 Ukrainiens dans l\u2019avion, neuf \u00e9taient des membres d\u2019\u00e9quipage: trois pilotes, quatre h\u00f4tesses de l\u2019air et deux stewards. C\u2019est le premier crash meurtrier de cette compagnie a\u00e9rienne priv\u00e9e, la premi\u00e8re du pays, en 28 ans d\u2019existence. Ses causes demeurent inconnues.<\/p>\n<p>\u00ab\u00a0C\u2019\u00e9tait un de nos meilleurs avions avec un \u00e9quipage excellent\u00a0\u00bb, a d\u00e9clar\u00e9 \u00e0 la presse, larmes aux yeux, le pr\u00e9sident de la compagnie Ievguen Dykhne plus t\u00f4t dans la journ\u00e9e. L\u2019\u00e9quipage \u00e9tant tr\u00e8s exp\u00e9riment\u00e9, la probabilit\u00e9 de son erreur est \u00ab\u00a0minime, nous ne la consid\u00e9rons pas\u00a0\u00bb s\u00e9rieusement, a ajout\u00e9 un des vice-pr\u00e9sidents, Igor Sosnovsky.<\/p>\n<p>Apr\u00e8s la trag\u00e9die, des Ukrainiens ont \u00e9galement apport\u00e9 des fleurs devant les ambassades canadienne et iranienne \u00e0 Kiev.<\/p>\n<\/div>\n<p>Auteur: AFP<br \/>\n<a href=\"https:\/\/www.journalducameroun.com\/crash-a-teheran-a-laeroport-de-kiev-on-pleure-lequipage-ukrainien\/\">Cliquez ici pour lire l&rsquo;article depuis sa source.<\/a><\/p>\n","protected":false},"excerpt":{"rendered":"<p>Publi\u00e9 le 08.01.2020 \u00e0 23h50 par AFP Roses, \u0153illets, chrysanth\u00e8mes: \u00e0 Kiev Boryspil, a\u00e9roport d\u2019attache du Boeing qui s\u2019est \u00e9cras\u00e9 mercredi en Iran en tuant les 176 personnes \u00e0 bord, des fleurs et des bougies jonchent le sol devant les portraits de son \u00e9quipage ukrainien. Un couple sanglote en se couvrant la figure avec les [&hellip;]<\/p>\n","protected":false},"author":1965,"featured_media":0,"comment_status":"closed","ping_status":"closed","sticky":false,"template":"","format":"standard","meta":{"fifu_image_url":"","fifu_image_alt":"","footnotes":""},"categories":[73,82],"tags":[],"class_list":["post-72516","post","type-post","status-publish","format-standard","hentry","category-actualite","category-cameroun"],"_links":{"self":[{"href":"https:\/\/linitiative.ca\/International\/wp-json\/wp\/v2\/posts\/72516","targetHints":{"allow":["GET"]}}],"collection":[{"href":"https:\/\/linitiative.ca\/International\/wp-json\/wp\/v2\/posts"}],"about":[{"href":"https:\/\/linitiative.ca\/International\/wp-json\/wp\/v2\/types\/post"}],"author":[{"embeddable":true,"href":"https:\/\/linitiative.ca\/International\/wp-json\/wp\/v2\/users\/1965"}],"replies":[{"embeddable":true,"href":"https:\/\/linitiative.ca\/International\/wp-json\/wp\/v2\/comments?post=72516"}],"version-history":[{"count":0,"href":"https:\/\/linitiative.ca\/International\/wp-json\/wp\/v2\/posts\/72516\/revisions"}],"wp:attachment":[{"href":"https:\/\/linitiative.ca\/International\/wp-json\/wp\/v2\/media?parent=72516"}],"wp:term":[{"taxonomy":"category","embeddable":true,"href":"https:\/\/linitiative.ca\/International\/wp-json\/wp\/v2\/categories?post=72516"},{"taxonomy":"post_tag","embeddable":true,"href":"https:\/\/linitiative.ca\/International\/wp-json\/wp\/v2\/tags?post=72516"}],"curies":[{"name":"wp","href":"https:\/\/api.w.org\/{rel}","templated":true}]}}