{"id":72517,"date":"2020-01-08T11:43:29","date_gmt":"2020-01-08T16:43:29","guid":{"rendered":"https:\/\/linitiative.ca\/International\/reprise-des-travaux-a-la-cite-des-cinquantenaires-de-douala\/"},"modified":"2020-01-08T11:43:29","modified_gmt":"2020-01-08T16:43:29","slug":"reprise-des-travaux-a-la-cite-des-cinquantenaires-de-douala","status":"publish","type":"post","link":"https:\/\/linitiative.ca\/International\/reprise-des-travaux-a-la-cite-des-cinquantenaires-de-douala\/","title":{"rendered":"Reprise des travaux \u00e0 la Cit\u00e9 des cinquantenaires de Douala"},"content":{"rendered":"<p><em>\u00ab\u00a0S\u2019il n\u2019y a pas d\u2019autres petits arr\u00eats, le chantier sera r\u00e9ceptionn\u00e9 en d\u00e9cembre 2021\u00a0\u00bb.<\/em> <strong>Dr Fritz Ntone Ntone,<\/strong> pr\u00e9sident du conseil d\u2019administration de la <strong>Soci\u00e9t\u00e9 d\u2019am\u00e9nagement de Douala (SAD)<\/strong>, op\u00e9rateur de la Communaut\u00e9 urbaine de Douala, l\u2019a d\u00e9clar\u00e9 le 30 d\u00e9cembre 2019 au cours d\u2019une visite d\u2019\u00e9valuation des travaux de la <strong>Cit\u00e9 des cinquantenaires.<\/strong><\/p>\n<p>B\u00e2ti sur pr\u00e8s de trois hectares, l\u2019ouvrage dont le co\u00fbt est estim\u00e9 \u00e0 <strong>40 milliards de FCFA<\/strong> affiche un taux de r\u00e9alisation de <strong>15%<\/strong>, pour une consommation des d\u00e9lais de plus de <strong>80%<\/strong>. A date, les deux premiers b\u00e2timents de ce grand projet sont finalis\u00e9s. Les travaux des 3<sup>e<\/sup> et 4<sup>e<\/sup> b\u00e2timents d\u00e9marrent d\u2019ici fin janvier. Ceux du cinqui\u00e8me red\u00e9marreront \u00e0 une p\u00e9riode non encore pr\u00e9cis\u00e9e.<\/p>\n<p>\u00ab\u00a0Comme nombre de gros projets, ce chantier a connu un retard au d\u00e9marrage. Mais, le constat que nous faisons est que les travaux avancent et que les d\u00e9lais qui ont \u00e9t\u00e9 prescrits pourront \u00eatre tenus\u00a0\u00bb, rassure <strong>Jean-Claude Ab\u00e9<\/strong>, administrateur repr\u00e9sentant le <strong>Cr\u00e9dit Foncier du Cameroun (CFC)<\/strong>, qui finance les travaux.<\/p>\n<hr\/>\n<p><strong>Lire aussi\u00a0: <a href=\"https:\/\/ecomatin.net\/cite-des-cinquantenaires-de-douala-la-bgfi-bank-emet-des-doutes-sur-le-projet\/\">Cit\u00e9 des cinquantenaires de Douala : la BGFI Bank \u00e9met des doutes sur le projet<\/a><\/strong><\/p>\n<hr\/>\n<p>Selon les caract\u00e9ristiques techniques, le projet pr\u00e9voit la construction de <strong>900 logements haut-standing<\/strong> subdivis\u00e9s en deux phases. La premi\u00e8re comprend 450 logements. En outre, il est pr\u00e9vu <strong>6 000 m\u00e8tres carr\u00e9s<\/strong> pour un <strong>centre commercial<\/strong>, <strong>5 000 m\u00e8tres carr\u00e9s d\u2019espaces verts<\/strong>, des parkings et autres lieux de loisirs. <em>\u00ab\u00a0Il faut que l\u2019enceinte jouisse d\u2019une convivialit\u00e9 d\u2019un niveau qui correspond \u00e0 l\u2019appellation du projet\u00a0\u00bb,<\/em> indique le PCA de la SAD.<\/p>\n<p>En rappel, la <strong>BGFI Bank<\/strong> rechignait en juin 2019 \u00e0 payer les acomptes relatifs \u00e0 l\u2019ex\u00e9cution de la premi\u00e8re phase du gigantesque projet.<\/p>\n<div class=\"sharedaddy sd-sharing-enabled robots-nocontent sd-block sd-social sd-social-icon-text sd-sharing\">\n<h3 class=\"sd-title\">Partager\u00a0:<\/h3>\n<\/div>\n<p><h3 class=\"jp-relatedposts-headline\"><em>Articles similaires<\/em><\/h3>\n<\/p>\n<p>Auteur: Ecomatin<br \/>\n<a href=\"https:\/\/ecomatin.net\/reprise-des-travaux-a-la-cite-des-cinquantenaires-de-douala\/\">Cliquez ici pour lire l&rsquo;article depuis sa source.<\/a><\/p>\n","protected":false},"excerpt":{"rendered":"<p>\u00ab\u00a0S\u2019il n\u2019y a pas d\u2019autres petits arr\u00eats, le chantier sera r\u00e9ceptionn\u00e9 en d\u00e9cembre 2021\u00a0\u00bb. Dr Fritz Ntone Ntone, pr\u00e9sident du conseil d\u2019administration de la Soci\u00e9t\u00e9 d\u2019am\u00e9nagement de Douala (SAD), op\u00e9rateur de la Communaut\u00e9 urbaine de Douala, l\u2019a d\u00e9clar\u00e9 le 30 d\u00e9cembre 2019 au cours d\u2019une visite d\u2019\u00e9valuation des travaux de la Cit\u00e9 des cinquantenaires. B\u00e2ti [&hellip;]<\/p>\n","protected":false},"author":1969,"featured_media":0,"comment_status":"closed","ping_status":"closed","sticky":false,"template":"","format":"standard","meta":{"fifu_image_url":"","fifu_image_alt":"","footnotes":""},"categories":[82,78],"tags":[],"class_list":["post-72517","post","type-post","status-publish","format-standard","hentry","category-cameroun","category-economie"],"_links":{"self":[{"href":"https:\/\/linitiative.ca\/International\/wp-json\/wp\/v2\/posts\/72517","targetHints":{"allow":["GET"]}}],"collection":[{"href":"https:\/\/linitiative.ca\/International\/wp-json\/wp\/v2\/posts"}],"about":[{"href":"https:\/\/linitiative.ca\/International\/wp-json\/wp\/v2\/types\/post"}],"author":[{"embeddable":true,"href":"https:\/\/linitiative.ca\/International\/wp-json\/wp\/v2\/users\/1969"}],"replies":[{"embeddable":true,"href":"https:\/\/linitiative.ca\/International\/wp-json\/wp\/v2\/comments?post=72517"}],"version-history":[{"count":0,"href":"https:\/\/linitiative.ca\/International\/wp-json\/wp\/v2\/posts\/72517\/revisions"}],"wp:attachment":[{"href":"https:\/\/linitiative.ca\/International\/wp-json\/wp\/v2\/media?parent=72517"}],"wp:term":[{"taxonomy":"category","embeddable":true,"href":"https:\/\/linitiative.ca\/International\/wp-json\/wp\/v2\/categories?post=72517"},{"taxonomy":"post_tag","embeddable":true,"href":"https:\/\/linitiative.ca\/International\/wp-json\/wp\/v2\/tags?post=72517"}],"curies":[{"name":"wp","href":"https:\/\/api.w.org\/{rel}","templated":true}]}}