{"id":72518,"date":"2020-01-08T11:53:41","date_gmt":"2020-01-08T16:53:41","guid":{"rendered":"https:\/\/linitiative.ca\/International\/le-taux-de-couverture-sociale-au-cameroun-est-de-227\/"},"modified":"2020-01-08T11:53:41","modified_gmt":"2020-01-08T16:53:41","slug":"le-taux-de-couverture-sociale-au-cameroun-est-de-227","status":"publish","type":"post","link":"https:\/\/linitiative.ca\/International\/le-taux-de-couverture-sociale-au-cameroun-est-de-227\/","title":{"rendered":"Le taux de couverture sociale au Cameroun est de 22,7%"},"content":{"rendered":"<div class=\"featured-area featured-area-inner\"><img loading=\"lazy\" decoding=\"async\" width=\"630\" height=\"290\" src=\"https:\/\/ecomatin.net\/wp-content\/uploads\/2020\/01\/94015657_o-1.jpg?is-pending-load=1\" class=\"attachment-jannah-image-post size-jannah-image-post wp-post-image jetpack-lazy-image\" alt=\"\" data-lazy-srcset=\"https:\/\/ecomatin.net\/wp-content\/uploads\/2020\/01\/94015657_o-1.jpg 630w, https:\/\/ecomatin.net\/wp-content\/uploads\/2020\/01\/94015657_o-1-300x138.jpg 300w\" data-lazy-sizes=\"(max-width: 630px) 100vw, 630px\" srcset=\"data:image\/gif;base64,R0lGODlhAQABAIAAAAAAAP\/\/\/yH5BAEAAAAALAAAAAABAAEAAAIBRAA7\"\/><\/div>\n<div class=\"entry-content entry clearfix\" readability=\"57.2004621606\">\n<p>Au Cameroun, le taux de <strong>couverture sociale<\/strong> est encore tr\u00e8s faible. Selon les d\u00e9clarations du <strong>ministre du Travail et de la s\u00e9curit\u00e9 sociale (Mintss)<\/strong>, il s\u2019\u00e9l\u00e8ve \u00e0 <strong>22,7%<\/strong> \u00e0 fin 2019. <strong>Gr\u00e9goire Owona<\/strong> l\u2019a relev\u00e9 au cours de la Conf\u00e9rence annuelle des responsables des services centraux et d\u00e9concentr\u00e9s de ce d\u00e9partement minist\u00e9riel, tenue \u00e0 Yaound\u00e9 le 2 janvier 2020. Selon le ministre, ce pourcentage est en l\u00e9g\u00e8re hausse gr\u00e2ce \u00e0 un nombre non n\u00e9gligeable de nouveaux assur\u00e9s enregistr\u00e9s l\u2019ann\u00e9e derni\u00e8re. Les statistiques du minist\u00e8re du Travail parlent de <strong>63 581 nouveaux assur\u00e9s<\/strong>, soit <strong>45 485 par obligation<\/strong> et <strong>18 096 de mani\u00e8re volontaire<\/strong>.<\/p>\n<hr\/>\n<p><strong>Lire aussi\u00a0: <a href=\"https:\/\/ecomatin.net\/sante-quand-la-baisse-du-budget-de-la-sante-remet-en-cause-le-projet-de-couverture-sante-universelle\/\">Quand la baisse du budget de la Sant\u00e9 remet en cause le projet de couverture sant\u00e9 universelle<\/a><\/strong><\/p>\n<hr\/>\n<p>Pour atteindre ce r\u00e9sultat, indique-t-on, le Mintss a mis sur pied plusieurs programmes au cours de 2019 afin de promouvoir la s\u00e9curit\u00e9 sociale et le travail d\u00e9cent dans les divers secteurs d\u2019activit\u00e9s. Les trois principaux programmes concernent la promotion de la s\u00e9curit\u00e9 sociale pour le plus grand nombre, l\u2019am\u00e9lioration de la protection du travail, et l\u2019appui institutionnel au sous-secteur travail et s\u00e9curit\u00e9 sociale.<\/p>\n<p>Le bilan pr\u00e9sent\u00e9 par <strong>Gr\u00e9goire Owona<\/strong> montre cependant qu\u2019au cours de l\u2019ann\u00e9e derni\u00e8re, le <strong>climat social<\/strong> au sein des entreprises, aussi bien \u00e0 capitaux publics que priv\u00e9s n\u2019a pas \u00e9t\u00e9 des plus sereins. En effet, au terme de rencontres en entreprises et de diverses r\u00e9unions de conciliation, le minist\u00e8re du Travail a r\u00e9ussi \u00e0 contenir <strong>92 pr\u00e9avis de gr\u00e8ve<\/strong> et mouvements d\u2019humeur \u00e0 travers le Cameroun.<\/p>\n<div class=\"sharedaddy sd-sharing-enabled robots-nocontent sd-block sd-social sd-social-icon-text sd-sharing\">\n<h3 class=\"sd-title\">Partager\u00a0:<\/h3>\n<\/div>\n<p><h3 class=\"jp-relatedposts-headline\"><em>Articles similaires<\/em><\/h3>\n<\/p>\n<\/div>\n<div class=\"toggle-post-content clearfix\"><a id=\"toggle-post-button\" class=\"button\" href=\"#\">Afficher plus <\/a><\/div>\n<p>Auteur: Ecomatin<br \/>\n<a href=\"https:\/\/ecomatin.net\/le-taux-de-couverture-sociale-au-cameroun-est-de-227\/\">Cliquez ici pour lire l&rsquo;article depuis sa source.<\/a><\/p>\n","protected":false},"excerpt":{"rendered":"<p>Au Cameroun, le taux de couverture sociale est encore tr\u00e8s faible. Selon les d\u00e9clarations du ministre du Travail et de la s\u00e9curit\u00e9 sociale (Mintss), il s\u2019\u00e9l\u00e8ve \u00e0 22,7% \u00e0 fin 2019. Gr\u00e9goire Owona l\u2019a relev\u00e9 au cours de la Conf\u00e9rence annuelle des responsables des services centraux et d\u00e9concentr\u00e9s de ce d\u00e9partement minist\u00e9riel, tenue \u00e0 Yaound\u00e9 [&hellip;]<\/p>\n","protected":false},"author":1969,"featured_media":0,"comment_status":"closed","ping_status":"closed","sticky":false,"template":"","format":"standard","meta":{"fifu_image_url":"","fifu_image_alt":"","footnotes":""},"categories":[82,78],"tags":[],"class_list":["post-72518","post","type-post","status-publish","format-standard","hentry","category-cameroun","category-economie"],"_links":{"self":[{"href":"https:\/\/linitiative.ca\/International\/wp-json\/wp\/v2\/posts\/72518","targetHints":{"allow":["GET"]}}],"collection":[{"href":"https:\/\/linitiative.ca\/International\/wp-json\/wp\/v2\/posts"}],"about":[{"href":"https:\/\/linitiative.ca\/International\/wp-json\/wp\/v2\/types\/post"}],"author":[{"embeddable":true,"href":"https:\/\/linitiative.ca\/International\/wp-json\/wp\/v2\/users\/1969"}],"replies":[{"embeddable":true,"href":"https:\/\/linitiative.ca\/International\/wp-json\/wp\/v2\/comments?post=72518"}],"version-history":[{"count":0,"href":"https:\/\/linitiative.ca\/International\/wp-json\/wp\/v2\/posts\/72518\/revisions"}],"wp:attachment":[{"href":"https:\/\/linitiative.ca\/International\/wp-json\/wp\/v2\/media?parent=72518"}],"wp:term":[{"taxonomy":"category","embeddable":true,"href":"https:\/\/linitiative.ca\/International\/wp-json\/wp\/v2\/categories?post=72518"},{"taxonomy":"post_tag","embeddable":true,"href":"https:\/\/linitiative.ca\/International\/wp-json\/wp\/v2\/tags?post=72518"}],"curies":[{"name":"wp","href":"https:\/\/api.w.org\/{rel}","templated":true}]}}