{"id":72519,"date":"2020-01-08T12:14:45","date_gmt":"2020-01-08T17:14:45","guid":{"rendered":"https:\/\/linitiative.ca\/International\/le-ministre-des-finances-va-vigoureusement-observer-lacquisition-des-vehicules-administratifs\/"},"modified":"2020-01-08T12:14:45","modified_gmt":"2020-01-08T17:14:45","slug":"le-ministre-des-finances-va-vigoureusement-observer-lacquisition-des-vehicules-administratifs","status":"publish","type":"post","link":"https:\/\/linitiative.ca\/International\/le-ministre-des-finances-va-vigoureusement-observer-lacquisition-des-vehicules-administratifs\/","title":{"rendered":"Le ministre des Finances va \u00ab vigoureusement \u00bb observer l\u2019acquisition des v\u00e9hicules administratifs"},"content":{"rendered":"<div class=\"featured-area featured-area-inner\"><img loading=\"lazy\" decoding=\"async\" width=\"500\" height=\"266\" src=\"https:\/\/ecomatin.net\/wp-content\/uploads\/2020\/01\/Louis-paul-motaze-1.jpg?is-pending-load=1\" class=\"attachment-jannah-image-post size-jannah-image-post wp-post-image jetpack-lazy-image\" alt=\"\" data-lazy-srcset=\"https:\/\/ecomatin.net\/wp-content\/uploads\/2020\/01\/Louis-paul-motaze-1.jpg 500w, https:\/\/ecomatin.net\/wp-content\/uploads\/2020\/01\/Louis-paul-motaze-1-300x160.jpg 300w\" data-lazy-sizes=\"(max-width: 500px) 100vw, 500px\" srcset=\"data:image\/gif;base64,R0lGODlhAQABAIAAAAAAAP\/\/\/yH5BAEAAAAALAAAAAABAAEAAAIBRAA7\"\/><\/div>\n<div class=\"entry-content entry clearfix\" readability=\"55.0517814727\">\n<p>Le ministre des Finances (<strong>Minfi<\/strong>), <strong>Louis Paul Motaze<\/strong> a annonc\u00e9 qu\u2019au cours de l\u2019exercice budg\u00e9taire 2020, l\u2019acquisition des v\u00e9hicules automobiles dans les administrations publiques sera\u00a0<em>\u00ab\u00a0rigoureusement observ\u00e9e\u00a0\u00bb.\u00a0<\/em>Cette d\u00e9cision se justifie par le fait que l\u2019achat des v\u00e9hicules de service et de fonction est une source de d\u00e9penses dont la pertinence et la rigueur doivent \u00eatre garanties.\u00a0L\u2019objectif est de\u00a0<em>\u00ab\u00a0ma\u00eetriser la gestion du parc automobile de l\u2019\u00c9tat (acquisitions, rythme de renouvellement, co\u00fbts d\u2019entretien, attribution des v\u00e9hicules et, r\u00e9formes)\u2009\u00bb.<\/em><\/p>\n<hr\/>\n<p><strong>Lire aussi\u00a0: <a href=\"https:\/\/ecomatin.net\/reduction-du-train-de-vie-de-letat-ce-que-le-cameroun-refuse-de-faire\/\">R\u00e9duction du train de vie de l\u2019Etat : ce que le Cameroun refuse de faire<\/a><\/strong><\/p>\n<hr\/>\n<p>La circulaire sign\u00e9e le 31 d\u00e9cembre 2019 par le ministre des Finances\u00a0renseigne que l\u2019acquisition de nouveaux v\u00e9hicules dans les administrations de l\u2019\u00c9tat est subordonn\u00e9e \u00e0 l\u2019autorisation pr\u00e9alable du <strong>Premier ministre<\/strong>. Les demandes d\u2019acquisition des engins de travaux publics de seconde main doivent \u00eatre accompagn\u00e9es des dossiers techniques ainsi que du rapport d\u2019expertise du\u00a0<strong>Matgenie<\/strong>. L\u2019on apprend \u00e9galement qu\u2019en cas d\u2019accident impliqu\u00e9 \u00e0 un v\u00e9hicule administratif, l\u2019administration se r\u00e9serve le droit de faire proc\u00e9der \u00e0 une contre-expertise des d\u00e9g\u00e2ts subis par la victime par un cabinet agr\u00e9\u00e9 \u00e0 cet effet. Les services financiers veillent \u00e0 ce que les frais de maintenance et de r\u00e9paration des mat\u00e9riels n\u2019exc\u00e8dent pas le co\u00fbt de renouvellement desdits mat\u00e9riels.<\/p>\n<p>En ce qui concerne les cr\u00e9dits d\u2019entretien de v\u00e9hicules, le document fait savoir que seules les administrations au sein desquelles les responsables ont droit \u00e0 un v\u00e9hicule administratif peuvent b\u00e9n\u00e9ficier de ces ressources d\u2019entretien.\u00a0<em>\u00ab\u2009L\u2019agent public, ayant droit \u00e0 un v\u00e9hicule administratif, qui n\u2019en est pas dot\u00e9 et qui utilise son v\u00e9hicule personnel pour les besoins de service, b\u00e9n\u00e9ficie d\u2019une indemnit\u00e9 mensuelle d\u2019entretien au taux fix\u00e9 par la r\u00e9glementation en vigueur\u2009\u00bb.<\/em><\/p>\n<div class=\"sharedaddy sd-sharing-enabled robots-nocontent sd-block sd-social sd-social-icon-text sd-sharing\">\n<h3 class=\"sd-title\">Partager\u00a0:<\/h3>\n<\/div>\n<p><h3 class=\"jp-relatedposts-headline\"><em>Articles similaires<\/em><\/h3>\n<\/p>\n<\/div>\n<div class=\"toggle-post-content clearfix\"><a id=\"toggle-post-button\" class=\"button\" href=\"#\">Afficher plus <\/a><\/div>\n<p>Auteur: Ecomatin<br \/>\n<a href=\"https:\/\/ecomatin.net\/le-ministre-des-finances-va-vigoureusement-observer-lacquisition-des-vehicules-administratifs\/\">Cliquez ici pour lire l&rsquo;article depuis sa source.<\/a><\/p>\n","protected":false},"excerpt":{"rendered":"<p>Le ministre des Finances (Minfi), Louis Paul Motaze a annonc\u00e9 qu\u2019au cours de l\u2019exercice budg\u00e9taire 2020, l\u2019acquisition des v\u00e9hicules automobiles dans les administrations publiques sera\u00a0\u00ab\u00a0rigoureusement observ\u00e9e\u00a0\u00bb.\u00a0Cette d\u00e9cision se justifie par le fait que l\u2019achat des v\u00e9hicules de service et de fonction est une source de d\u00e9penses dont la pertinence et la rigueur doivent \u00eatre garanties.\u00a0L\u2019objectif [&hellip;]<\/p>\n","protected":false},"author":1969,"featured_media":0,"comment_status":"closed","ping_status":"closed","sticky":false,"template":"","format":"standard","meta":{"fifu_image_url":"","fifu_image_alt":"","footnotes":""},"categories":[82,78],"tags":[],"class_list":["post-72519","post","type-post","status-publish","format-standard","hentry","category-cameroun","category-economie"],"_links":{"self":[{"href":"https:\/\/linitiative.ca\/International\/wp-json\/wp\/v2\/posts\/72519","targetHints":{"allow":["GET"]}}],"collection":[{"href":"https:\/\/linitiative.ca\/International\/wp-json\/wp\/v2\/posts"}],"about":[{"href":"https:\/\/linitiative.ca\/International\/wp-json\/wp\/v2\/types\/post"}],"author":[{"embeddable":true,"href":"https:\/\/linitiative.ca\/International\/wp-json\/wp\/v2\/users\/1969"}],"replies":[{"embeddable":true,"href":"https:\/\/linitiative.ca\/International\/wp-json\/wp\/v2\/comments?post=72519"}],"version-history":[{"count":0,"href":"https:\/\/linitiative.ca\/International\/wp-json\/wp\/v2\/posts\/72519\/revisions"}],"wp:attachment":[{"href":"https:\/\/linitiative.ca\/International\/wp-json\/wp\/v2\/media?parent=72519"}],"wp:term":[{"taxonomy":"category","embeddable":true,"href":"https:\/\/linitiative.ca\/International\/wp-json\/wp\/v2\/categories?post=72519"},{"taxonomy":"post_tag","embeddable":true,"href":"https:\/\/linitiative.ca\/International\/wp-json\/wp\/v2\/tags?post=72519"}],"curies":[{"name":"wp","href":"https:\/\/api.w.org\/{rel}","templated":true}]}}