{"id":72520,"date":"2020-01-08T12:43:41","date_gmt":"2020-01-08T17:43:41","guid":{"rendered":"https:\/\/linitiative.ca\/International\/elecam-confronte-a-des-problemes-de-logistique-dans-le-centre\/"},"modified":"2020-01-08T12:43:41","modified_gmt":"2020-01-08T17:43:41","slug":"elecam-confronte-a-des-problemes-de-logistique-dans-le-centre","status":"publish","type":"post","link":"https:\/\/linitiative.ca\/International\/elecam-confronte-a-des-problemes-de-logistique-dans-le-centre\/","title":{"rendered":"Elecam confront\u00e9 \u00e0 des probl\u00e8mes de logistique dans le Centre"},"content":{"rendered":"<div class=\"featured-area featured-area-inner\"><img loading=\"lazy\" decoding=\"async\" width=\"780\" height=\"405\" src=\"https:\/\/ecomatin.net\/wp-content\/uploads\/2020\/01\/97f79f79a08b533ec43abbe996211e70_XL-1-780x405.jpg?is-pending-load=1\" class=\"attachment-jannah-image-post size-jannah-image-post wp-post-image jetpack-lazy-image\" alt=\"\" srcset=\"data:image\/gif;base64,R0lGODlhAQABAIAAAAAAAP\/\/\/yH5BAEAAAAALAAAAAABAAEAAAIBRAA7\"\/><\/div>\n<div class=\"entry-content entry clearfix\" readability=\"58.4506699147\">\n<p>Le gouverneur de la r\u00e9gion du Centre, <strong>Naseri Paul Bea,<\/strong> accompagn\u00e9 des 10 pr\u00e9fets et des responsables des forces de maintien de l\u2019ordre a fait le point de la situation s\u00e9curitaire. Ceci en pr\u00e9lude au double scrutin du 9 f\u00e9vrier et au d\u00e9roulement du Championnat d\u2019Afrique des Nations (CHAN) en avril au Cameroun, la capitale Yaound\u00e9 \u00e9tant l\u2019une des villes d\u2019accueil de cet \u00e9v\u00e8nement.<\/p>\n<hr\/>\n<p><strong>Lire aussi\u00a0: <a href=\"https:\/\/ecomatin.net\/candidatures-curiosites-des-listes-publiees-par-elecam\/\">Candidatures : curiosit\u00e9s des listes publi\u00e9es par ELECAM<\/a><\/strong><\/p>\n<hr\/>\n<p>Faisant l\u2019\u00e9tat des pr\u00e9paratifs des \u00e9lections l\u00e9gislatives et municipales, la d\u00e9l\u00e9gu\u00e9e r\u00e9gionale d\u2019<strong>Elections Cameroon (Elecam)<\/strong> pour le Centre, <strong>Mich\u00e8le Arlette Essi<\/strong> a \u00e9gren\u00e9 les difficult\u00e9s rencontr\u00e9es sur le terrain par sa structure. Elles concernent principalement la logistique, notamment dans le d\u00e9partement de la Mefou-et-Afamba, puis le convoiement et la s\u00e9curisation du mat\u00e9riel \u00e9lectoral lourd.<\/p>\n<p>En r\u00e9ponse \u00e0 ce probl\u00e8me qui pourrait impacter sur le bon d\u00e9roulement de cet \u00e9v\u00e9nement majeur de la vie politique du Cameroun, le n\u00b01 de la r\u00e9gion du Centre et son staff ont promis de peser de tout leur poids pour garantir de bonnes \u00e9lections. Ils proposent \u00e0 la repr\u00e9sentante d\u2019Elecam une franche collaboration. Et souhaitent que les choix des pr\u00e9sidents des bureaux de vote soient faits avec rigueur, pour \u00e9viter toute fraude \u00e9lectorale.<\/p>\n<p>En rappel, la r\u00e9gion du Centre compte plus de <strong>1,2 million d\u2019\u00e9lecteurs<\/strong> pour <strong>5 218 bureaux de vote<\/strong>. Au total <strong>19 partis politiques<\/strong> seront en comp\u00e9tition pour les municipales et <strong>huit<\/strong> pour les l\u00e9gislatives.<\/p>\n<div class=\"sharedaddy sd-sharing-enabled robots-nocontent sd-block sd-social sd-social-icon-text sd-sharing\">\n<h3 class=\"sd-title\">Partager\u00a0:<\/h3>\n<\/div>\n<p><h3 class=\"jp-relatedposts-headline\"><em>Articles similaires<\/em><\/h3>\n<\/p>\n<\/div>\n<div class=\"toggle-post-content clearfix\"><a id=\"toggle-post-button\" class=\"button\" href=\"#\">Afficher plus <\/a><\/div>\n<p>Auteur: Ecomatin<br \/>\n<a href=\"https:\/\/ecomatin.net\/elecam-confronte-a-des-problemes-de-logistique-dans-le-centre\/\">Cliquez ici pour lire l&rsquo;article depuis sa source.<\/a><\/p>\n","protected":false},"excerpt":{"rendered":"<p>Le gouverneur de la r\u00e9gion du Centre, Naseri Paul Bea, accompagn\u00e9 des 10 pr\u00e9fets et des responsables des forces de maintien de l\u2019ordre a fait le point de la situation s\u00e9curitaire. Ceci en pr\u00e9lude au double scrutin du 9 f\u00e9vrier et au d\u00e9roulement du Championnat d\u2019Afrique des Nations (CHAN) en avril au Cameroun, la capitale [&hellip;]<\/p>\n","protected":false},"author":1969,"featured_media":0,"comment_status":"closed","ping_status":"closed","sticky":false,"template":"","format":"standard","meta":{"fifu_image_url":"","fifu_image_alt":"","footnotes":""},"categories":[82,78],"tags":[],"class_list":["post-72520","post","type-post","status-publish","format-standard","hentry","category-cameroun","category-economie"],"_links":{"self":[{"href":"https:\/\/linitiative.ca\/International\/wp-json\/wp\/v2\/posts\/72520","targetHints":{"allow":["GET"]}}],"collection":[{"href":"https:\/\/linitiative.ca\/International\/wp-json\/wp\/v2\/posts"}],"about":[{"href":"https:\/\/linitiative.ca\/International\/wp-json\/wp\/v2\/types\/post"}],"author":[{"embeddable":true,"href":"https:\/\/linitiative.ca\/International\/wp-json\/wp\/v2\/users\/1969"}],"replies":[{"embeddable":true,"href":"https:\/\/linitiative.ca\/International\/wp-json\/wp\/v2\/comments?post=72520"}],"version-history":[{"count":0,"href":"https:\/\/linitiative.ca\/International\/wp-json\/wp\/v2\/posts\/72520\/revisions"}],"wp:attachment":[{"href":"https:\/\/linitiative.ca\/International\/wp-json\/wp\/v2\/media?parent=72520"}],"wp:term":[{"taxonomy":"category","embeddable":true,"href":"https:\/\/linitiative.ca\/International\/wp-json\/wp\/v2\/categories?post=72520"},{"taxonomy":"post_tag","embeddable":true,"href":"https:\/\/linitiative.ca\/International\/wp-json\/wp\/v2\/tags?post=72520"}],"curies":[{"name":"wp","href":"https:\/\/api.w.org\/{rel}","templated":true}]}}