{"id":72523,"date":"2020-01-09T08:30:26","date_gmt":"2020-01-09T13:30:26","guid":{"rendered":"https:\/\/linitiative.ca\/International\/kenza-hamoumi-expose-ses-creations-a-la-galerie-jbz-a-casablanca-lorsque-lart-et-la-nature-ne-font-quun\/"},"modified":"2020-01-09T08:30:26","modified_gmt":"2020-01-09T13:30:26","slug":"kenza-hamoumi-expose-ses-creations-a-la-galerie-jbz-a-casablanca-lorsque-lart-et-la-nature-ne-font-quun","status":"publish","type":"post","link":"https:\/\/linitiative.ca\/International\/kenza-hamoumi-expose-ses-creations-a-la-galerie-jbz-a-casablanca-lorsque-lart-et-la-nature-ne-font-quun\/","title":{"rendered":"Kenza Hamoumi expose ses cr\u00e9ations \u00e0 la Galerie \u00abJBZ\u00bb \u00e0 Casablanca : Lorsque l\u2019art et la nature ne font qu\u2019un"},"content":{"rendered":"<p><img decoding=\"async\" class=\"post_layout_5_img\" src=\"http:\/\/aujourdhui.ma\/wp-content\/uploads\/2020\/01\/Exposition-Kenza-Hamoumi.jpg?x29840\" alt=\"Kenza Hamoumi expose ses cr\u00e9ations \u00e0 la Galerie \u00abJBZ\u00bb \u00e0 Casablanca : Lorsque l\u2019art et la nature ne font qu\u2019un\"\/><\/p>\n<p class=\"p1\"><span class=\"s1\"><span class=\"c4\"><strong>Les compositions de Kenza Hamoumi combinent entre finesse et luminosit\u00e9. Issue du College of art de Paris, la jeune artiste d\u00e9voile ses cr\u00e9ations dans sa premi\u00e8re toute exposition qui se tient jusqu\u2019\u00e0 fin janvier \u00e0 la Galerie \u00abJBZ\u00bb \u00e0 Casablanca.<\/strong><\/span><\/span><\/p>\n<p class=\"p1\"><span class=\"s1\">Dans ses tableaux, la jeune artiste rend hommage \u00e0 la nature avec gr\u00e2ce et subtilit\u00e9. Utilisant des traits d\u00e9licats et \u00e9pur\u00e9s, ses \u0153uvres invitent l\u2019observateur \u00e0 m\u00e9diter sur la beaut\u00e9 de la nature comme lieu de projection et comme un univers de r\u00e9sonance entre la lumi\u00e8re et les couleurs. D\u2019ailleurs, le cama\u00efeu de couleurs utilis\u00e9es fait ressortir la luminosit\u00e9 naturelle des plantes. Que ce soit sur un fond noir ou blanc, l\u2019artiste joue sur tr\u00e8s peu de couleurs pour valoriser les formes nuanc\u00e9es et presque en mouvement dans certains de ses tableaux.<\/span><\/p>\n<p class=\"p1\"><span class=\"s1\">La jeune artiste se fraye son propre style. Dans sa s\u00e9rie baptis\u00e9e \u00ab\u0153uvre de la nature\u00bb, la vie sauvage a sa place, notamment avec un tableau imag\u00e9 d\u2019un lion rugissant sur un fond noir. Sur l\u2019utilisation des couleurs, Kenza Hamoumi explique que le th\u00e8me de la nature lui tient \u00e0 c\u0153ur estimant que c\u2019est ce qui l\u2019a inspir\u00e9e le plus pour cette premi\u00e8re exposition. On y retrouve une r\u00e9trospective de ses cr\u00e9ations marquant les diff\u00e9rents aspects de son talent artistique. Vu l\u2019engouement exprim\u00e9 par les visiteurs lors de cette premi\u00e8re exposition, la jeune artiste ambitionne de r\u00e9it\u00e9rer l\u2019exp\u00e9rience en pr\u00e9sentant sa s\u00e9rie de tableaux un peu partout ailleurs.<\/span><\/p>\n<p><a href=\"http:\/\/aujourdhui.ma\/wp-content\/uploads\/2020\/01\/Exposition-Kenza-Hamoumi-2.jpg?x29840\"><img loading=\"lazy\" decoding=\"async\" class=\"size-full wp-image-329209 aligncenter\" src=\"http:\/\/aujourdhui.ma\/wp-content\/uploads\/2020\/01\/Exposition-Kenza-Hamoumi-2.jpg?x29840\" alt=\"\" width=\"746\" height=\"559\" srcset=\"http:\/\/aujourdhui.ma\/wp-content\/uploads\/2020\/01\/Exposition-Kenza-Hamoumi-2.jpg 746w, http:\/\/aujourdhui.ma\/wp-content\/uploads\/2020\/01\/Exposition-Kenza-Hamoumi-2-300x225.jpg 300w\" sizes=\"auto, (max-width: 746px) 100vw, 746px\"\/><\/a><\/p>\n<p class=\"p1\"><span class=\"s1\">Sur le choix de couleurs, l\u2019artiste mise sur le caract\u00e8re lumineux des objets de ses toiles en y ajoutant un regard \u00e0 la fois po\u00e9tique et discret comme une sorte d\u2019\u00e9loge \u00e0 la m\u00e8re nature. Dans cette r\u00e9trospective, l\u2019artiste combine les v\u00e9g\u00e9taux, les formes et la fr\u00eale silhouette rigoureusement observ\u00e9s. Ce dernier exemple appara\u00eet dans le tableau \u00abm\u00e9ditation\u00bb.<\/span><\/p>\n<p class=\"p1\"><span class=\"s1\">Dans l\u2019ensemble, le point de vue subjectif, la fragilit\u00e9 et l\u2019usage tr\u00e8s dominant des couleurs comme le bleu, le blanc, le vert et le noir symbolisent ainsi les nuances retrouv\u00e9es dans la r\u00e9alit\u00e9. Les visiteurs de cette exposition pourront d\u00e9couvrir cette s\u00e9rie de tableaux jusqu\u2019\u00e0 la fin du mois courant \u00e0 la Galerie \u00abJBZ\u00bb \u00e0 Casablanca.<\/span><\/p>\n<p><a href=\"http:\/\/aujourdhui.ma\/wp-content\/uploads\/2020\/01\/Exposition-Kenza-Hamoumi-1.jpg?x29840\"><img loading=\"lazy\" decoding=\"async\" class=\"size-full wp-image-329208 aligncenter\" src=\"http:\/\/aujourdhui.ma\/wp-content\/uploads\/2020\/01\/Exposition-Kenza-Hamoumi-1.jpg?x29840\" alt=\"\" width=\"746\" height=\"380\" srcset=\"http:\/\/aujourdhui.ma\/wp-content\/uploads\/2020\/01\/Exposition-Kenza-Hamoumi-1.jpg 746w, http:\/\/aujourdhui.ma\/wp-content\/uploads\/2020\/01\/Exposition-Kenza-Hamoumi-1-300x153.jpg 300w\" sizes=\"auto, (max-width: 746px) 100vw, 746px\"\/><\/a><\/p>\n<p>Auteur: Ouchagour Leila<br \/>\n<a href=\"http:\/\/aujourdhui.ma\/culture\/kenza-hamoumi-expose-ses-creations-a-la-galerie-jbz-a-casablanca-lorsque-lart-et-la-nature-ne-font-quun\">Cliquez ici pour lire l&rsquo;article depuis sa source.<\/a><\/p>\n","protected":false},"excerpt":{"rendered":"<p>Les compositions de Kenza Hamoumi combinent entre finesse et luminosit\u00e9. Issue du College of art de Paris, la jeune artiste d\u00e9voile ses cr\u00e9ations dans sa premi\u00e8re toute exposition qui se tient jusqu\u2019\u00e0 fin janvier \u00e0 la Galerie \u00abJBZ\u00bb \u00e0 Casablanca. Dans ses tableaux, la jeune artiste rend hommage \u00e0 la nature avec gr\u00e2ce et subtilit\u00e9. [&hellip;]<\/p>\n","protected":false},"author":1759,"featured_media":0,"comment_status":"closed","ping_status":"closed","sticky":false,"template":"","format":"standard","meta":{"fifu_image_url":"","fifu_image_alt":"","footnotes":""},"categories":[73,54],"tags":[],"class_list":["post-72523","post","type-post","status-publish","format-standard","hentry","category-actualite","category-maroc"],"_links":{"self":[{"href":"https:\/\/linitiative.ca\/International\/wp-json\/wp\/v2\/posts\/72523","targetHints":{"allow":["GET"]}}],"collection":[{"href":"https:\/\/linitiative.ca\/International\/wp-json\/wp\/v2\/posts"}],"about":[{"href":"https:\/\/linitiative.ca\/International\/wp-json\/wp\/v2\/types\/post"}],"author":[{"embeddable":true,"href":"https:\/\/linitiative.ca\/International\/wp-json\/wp\/v2\/users\/1759"}],"replies":[{"embeddable":true,"href":"https:\/\/linitiative.ca\/International\/wp-json\/wp\/v2\/comments?post=72523"}],"version-history":[{"count":0,"href":"https:\/\/linitiative.ca\/International\/wp-json\/wp\/v2\/posts\/72523\/revisions"}],"wp:attachment":[{"href":"https:\/\/linitiative.ca\/International\/wp-json\/wp\/v2\/media?parent=72523"}],"wp:term":[{"taxonomy":"category","embeddable":true,"href":"https:\/\/linitiative.ca\/International\/wp-json\/wp\/v2\/categories?post=72523"},{"taxonomy":"post_tag","embeddable":true,"href":"https:\/\/linitiative.ca\/International\/wp-json\/wp\/v2\/tags?post=72523"}],"curies":[{"name":"wp","href":"https:\/\/api.w.org\/{rel}","templated":true}]}}